{"id":121,"date":"2017-08-23T13:30:35","date_gmt":"2017-08-23T13:30:35","guid":{"rendered":"http:\/\/www.riihi.fi\/?p=121"},"modified":"2017-08-23T13:30:35","modified_gmt":"2017-08-23T13:30:35","slug":"riihi-saatio-mukana-tyovaen-musiikkitapahtumassa","status":"publish","type":"post","link":"https:\/\/www.riihi.fi\/?p=121","title":{"rendered":"Riihi s\u00e4\u00e4ti\u00f6 mukana Ty\u00f6v\u00e4en musiikkitapahtumassa"},"content":{"rendered":"<p>&nbsp;<\/p>\n<p><span style=\"font-weight: 400;\">Riihi s\u00e4\u00e4ti\u00f6 oli hein\u00e4kuussa mukana Ty\u00f6v\u00e4en musiikkitapahtumassa Valkeakoskella. Tapahtuman l\u00e4ht\u00f6kohta on peilata <\/span><span style=\"font-weight: 400;\">ty\u00f6v\u00e4en musiikin historiaa ja nykyp\u00e4iv\u00e4\u00e4. Teemoitetut yhteiskunnalliset keskustelutilaisuudet ovat perinteisesti keskeinen osa ohjelmaa.\u00a0<\/span><span style=\"font-weight: 400;\">P\u00e4ivien aikana kuultiin muun muassa keskustelut arvoista ja sananvapaudesta, Euroopasta, sananvapaudesta ja populismista sek\u00e4 asunnoista ja ty\u00f6voimapolitiikasta. <\/span><\/p>\n<p><span style=\"font-weight: 400;\">&#8211; Olimme s\u00e4\u00e4ti\u00f6n\u00e4 mukana nyt toista kertaa ja tuimme Ty\u00f6v\u00e4en musiikkitapahtumaa taloudellisesti. Tavoitteenamme oli auttaa musiikkitapahtumaa korkeatasoisen seminaarin j\u00e4rjest\u00e4misess\u00e4. Kokemukset olivat eritt\u00e4in positiivisia ja se synnytti ideoita jatkoa varten. Lanseerasimme Valkeakoskella my\u00f6s uuden sloganimme <em>El\u00e4v\u00e4n ty\u00f6v\u00e4enkulttuurin puolesta<\/em> ja saimme s\u00e4\u00e4ti\u00f6lle hyv\u00e4\u00e4 n\u00e4kyvyytt\u00e4, kertoo asiamies <strong>Janne Ollikainen<\/strong>.<\/span><\/p>\n<p><span style=\"font-weight: 400;\">Nelip\u00e4iv\u00e4inen tapahtuma j\u00e4rjestettiin 27.-30. hein\u00e4kuuta ja se veti paikalle noin 40 000 k\u00e4vij\u00e4\u00e4. 45-vuotisjuhlaansa viett\u00e4neill\u00e4 festivaaleilla esiintyi laaja joukko suomalaisia eturivin artisteja, kuten <strong>Sanni<\/strong>, <strong>Paleface<\/strong>, <strong>Anna Puu<\/strong>, <strong>Jarkko Martikainen<\/strong> ja <strong>Lauri T\u00e4hk\u00e4<\/strong>. <\/span><\/p>\n","protected":false},"excerpt":{"rendered":"<p>&nbsp; Riihi s\u00e4\u00e4ti\u00f6 oli hein\u00e4kuussa mukana Ty\u00f6v\u00e4en musiikkitapahtumassa Valkeakoskella. Tapahtuman l\u00e4ht\u00f6kohta on peilata ty\u00f6v\u00e4en musiikin historiaa ja nykyp\u00e4iv\u00e4\u00e4. Teemoitetut yhteiskunnalliset keskustelutilaisuudet ovat perinteisesti keskeinen osa ohjelmaa.\u00a0P\u00e4ivien aikana kuultiin muun muassa keskustelut arvoista ja sananvapaudesta, Euroopasta, sananvapaudesta ja populismista sek\u00e4 asunnoista ja ty\u00f6voimapolitiikasta. &#8211; Olimme s\u00e4\u00e4ti\u00f6n\u00e4 mukana nyt toista kertaa ja tuimme Ty\u00f6v\u00e4en musiikkitapahtumaa taloudellisesti. Tavoitteenamme  [&#8230;]<\/p>\n","protected":false},"author":3,"featured_media":0,"comment_status":"open","ping_status":"open","sticky":false,"template":"","format":"standard","meta":{"footnotes":""},"categories":[1],"tags":[],"class_list":["post-121","post","type-post","status-publish","format-standard","hentry","category-uncategorized"],"_links":{"self":[{"href":"https:\/\/www.riihi.fi\/index.php?rest_route=\/wp\/v2\/posts\/121","targetHints":{"allow":["GET"]}}],"collection":[{"href":"https:\/\/www.riihi.fi\/index.php?rest_route=\/wp\/v2\/posts"}],"about":[{"href":"https:\/\/www.riihi.fi\/index.php?rest_route=\/wp\/v2\/types\/post"}],"author":[{"embeddable":true,"href":"https:\/\/www.riihi.fi\/index.php?rest_route=\/wp\/v2\/users\/3"}],"replies":[{"embeddable":true,"href":"https:\/\/www.riihi.fi\/index.php?rest_route=%2Fwp%2Fv2%2Fcomments&post=121"}],"version-history":[{"count":3,"href":"https:\/\/www.riihi.fi\/index.php?rest_route=\/wp\/v2\/posts\/121\/revisions"}],"predecessor-version":[{"id":124,"href":"https:\/\/www.riihi.fi\/index.php?rest_route=\/wp\/v2\/posts\/121\/revisions\/124"}],"wp:attachment":[{"href":"https:\/\/www.riihi.fi\/index.php?rest_route=%2Fwp%2Fv2%2Fmedia&parent=121"}],"wp:term":[{"taxonomy":"category","embeddable":true,"href":"https:\/\/www.riihi.fi\/index.php?rest_route=%2Fwp%2Fv2%2Fcategories&post=121"},{"taxonomy":"post_tag","embeddable":true,"href":"https:\/\/www.riihi.fi\/index.php?rest_route=%2Fwp%2Fv2%2Ftags&post=121"}],"curies":[{"name":"wp","href":"https:\/\/api.w.org\/{rel}","templated":true}]}}