{"id":235,"date":"2022-01-30T12:13:57","date_gmt":"2022-01-30T12:13:57","guid":{"rendered":"http:\/\/www.riihi.fi\/?p=235"},"modified":"2022-02-02T12:28:07","modified_gmt":"2022-02-02T12:28:07","slug":"saation-tuella-ohjelmasarja-herattaa-pohtimaan-oikeudenmukaisuuden-syvinta-olemusta","status":"publish","type":"post","link":"https:\/\/www.riihi.fi\/?p=235","title":{"rendered":"S\u00e4\u00e4ti\u00f6n tuella: Ohjelmasarja her\u00e4tt\u00e4\u00e4 pohtimaan oikeudenmukaisuuden syvint\u00e4 olemusta"},"content":{"rendered":"<p><strong><img decoding=\"async\" class=\"size-medium wp-image-237 alignleft\" src=\"https:\/\/www.riihi.fi\/wp-content\/uploads\/2022\/01\/mattijohanneskoivu-300x168.jpg\" alt=\"\" width=\"300\" height=\"168\" srcset=\"https:\/\/www.riihi.fi\/wp-content\/uploads\/2022\/01\/mattijohanneskoivu-200x112.jpg 200w, https:\/\/www.riihi.fi\/wp-content\/uploads\/2022\/01\/mattijohanneskoivu.jpg 300w\" sizes=\"(max-width: 300px) 100vw, 300px\" \/>Mist\u00e4 puhumme, kun puhumme oikeudenmukaisuudesta? Mit\u00e4 oikeudenmukaisuus tarkoittaa t\u00e4n\u00e4 p\u00e4iv\u00e4n\u00e4 ja miten se on eri aikoina koettu?<br \/>\n<\/strong><\/p>\n<p>Yleisradiolle toteutettu Oikeudenmukaisuuden historia -ohjelmasarja selvitt\u00e4\u00e4, miten oikeudenmukaisuus on suomalaisessa yhteiskunnassa m\u00e4\u00e4rittynyt ja kuinka se on aikojen saatossa koettu. Oikeudenmukaisuuden kehityst\u00e4 tarkastellaan modernin kansakunnan kontekstissa, 1800-luvun lopusta t\u00e4h\u00e4n p\u00e4iv\u00e4\u00e4n.<\/p>\n<p>Sarja l\u00e4htee liikkeelle ajatuksesta, ett\u00e4 oikeudenmukaisuudesta on tullut ongelma: aihe on t\u00e4ll\u00e4 hetkell\u00e4 kaikkialla esill\u00e4, mutta sit\u00e4 ei osata m\u00e4\u00e4ritell\u00e4. Se on jotakin jaettua, ja kuitenkin samalla yksityisesti koettua.<\/p>\n<p>Ohjelman tavoitteena on tarjota oikeudenmukaisuuden kehitykseen historiallista perspektiivi\u00e4 luomalla katsaus siihen, miten yhteiskunnallinen keskustelu ja arvopohja ovat muuttuneet aikojen saatossa.<\/p>\n<p>Sarjan on ideoinut ja toimittanut muusikko ja historioitsija <strong>Matti Johannes Koivu<\/strong> yhteisty\u00f6ss\u00e4 filosofian tohtori <strong>Hannu Linkolan<\/strong> ja \u00e4\u00e4nisuunnittelija <strong>Eetu Pylkk\u00e4sen <\/strong>kanssa.<\/p>\n<p>\u201dT\u00e4ss\u00e4 ajassa k\u00e4yd\u00e4\u00e4n paljon keskustelua oikeudenmukaisuudesta, ja jakolinjat lis\u00e4\u00e4ntyv\u00e4t jatkuvasti. Meid\u00e4n pit\u00e4isi tunnistaa jatkuvasti erilaisia oikeudenmukaisuuksia ja ymm\u00e4rt\u00e4\u00e4 toistemme k\u00e4sityst\u00e4 siit\u00e4 eli keskustelu oikeudenmukaisuudesta on k\u00e4ynyt vaikeaksi\u201d, Koivu kertoo ohjelman idean taustasta.<\/p>\n<h3>Tavoitteena yhteinen ymm\u00e4rrys<\/h3>\n<p>Koivua huolettaa, ett\u00e4 sosiaalisen median hallitsemassa ajassa my\u00f6s keskustelu oikeudenmukaisuudesta k\u00e4rjistyy.<\/p>\n<p>Sarjassa pohditaan, kuinka oikeudenmukaisuus motivoi kansalaisyhteiskunnan toimintaa t\u00e4ss\u00e4 ajassa sek\u00e4 miten nykyajassa voisi synty\u00e4 yhteiskunnallinen identiteetti, joka perustuu jaettuun k\u00e4sitykseen oikeudenmukaisuudesta.<\/p>\n<p>\u201dSe, ett\u00e4 meill\u00e4 on instituutio, yhteiskunta, joka takaa, ett\u00e4 asiat tapahtuvat aina oikeudenmukaisesti, ei yksin riit\u00e4. Meid\u00e4n pit\u00e4\u00e4 jatkuvasti vahtia ja p\u00e4ivitt\u00e4\u00e4, ett\u00e4 suunta on oikea. Toivottavasti ohjelmasarja voi osaltaan lis\u00e4t\u00e4 ymm\u00e4rryst\u00e4 siit\u00e4, millaisia kysymyksi\u00e4 meill\u00e4 on t\u00e4n\u00e4kin p\u00e4iv\u00e4n\u00e4 ratkottavana\u201d, Koivu toteaa.<\/p>\n<p>Oikeudenmukaisuutta tarkastellaan sarjassa nelj\u00e4n teeman kautta: arjen, luokkayhteiskunnan, ymp\u00e4rist\u00f6n sek\u00e4 oikeudenmukaisuuden laajenevan k\u00e4sitteen n\u00e4k\u00f6kulmasta. Teemojen kautta tuodaan esiin oikeudenmukaisuusk\u00e4sityksen yhteiskunnallisia murroskohtia.<\/p>\n<p>Ohjelma haastaa kuulijaa ajattelemaan itse.<br \/>\n<em><br \/>\nRiihi s\u00e4\u00e4ti\u00f6 on tukenut sarjan toteuttamista.<\/em><\/p>\n<p><a href=\"https:\/\/areena.yle.fi\/audio\/1-4446578\"><strong>Oikeudenmukaisuuden historia -ohjelmasarja on kuunneltavissa YLE Areenassa<\/strong><\/a><strong>. <\/strong><\/p>\n<p>&nbsp;<\/p>\n","protected":false},"excerpt":{"rendered":"<p>Mist\u00e4 puhumme, kun puhumme oikeudenmukaisuudesta? Mit\u00e4 oikeudenmukaisuus tarkoittaa t\u00e4n\u00e4 p\u00e4iv\u00e4n\u00e4 ja miten se on eri aikoina koettu? Yleisradiolle toteutettu Oikeudenmukaisuuden historia -ohjelmasarja selvitt\u00e4\u00e4, miten oikeudenmukaisuus on suomalaisessa yhteiskunnassa m\u00e4\u00e4rittynyt ja kuinka se on aikojen saatossa koettu. Oikeudenmukaisuuden kehityst\u00e4 tarkastellaan modernin kansakunnan kontekstissa, 1800-luvun lopusta t\u00e4h\u00e4n p\u00e4iv\u00e4\u00e4n. Sarja l\u00e4htee liikkeelle ajatuksesta, ett\u00e4 oikeudenmukaisuudesta on tullut ongelma:  [&#8230;]<\/p>\n","protected":false},"author":3,"featured_media":0,"comment_status":"open","ping_status":"open","sticky":false,"template":"","format":"standard","meta":{"footnotes":""},"categories":[1],"tags":[],"class_list":["post-235","post","type-post","status-publish","format-standard","hentry","category-uncategorized"],"_links":{"self":[{"href":"https:\/\/www.riihi.fi\/index.php?rest_route=\/wp\/v2\/posts\/235","targetHints":{"allow":["GET"]}}],"collection":[{"href":"https:\/\/www.riihi.fi\/index.php?rest_route=\/wp\/v2\/posts"}],"about":[{"href":"https:\/\/www.riihi.fi\/index.php?rest_route=\/wp\/v2\/types\/post"}],"author":[{"embeddable":true,"href":"https:\/\/www.riihi.fi\/index.php?rest_route=\/wp\/v2\/users\/3"}],"replies":[{"embeddable":true,"href":"https:\/\/www.riihi.fi\/index.php?rest_route=%2Fwp%2Fv2%2Fcomments&post=235"}],"version-history":[{"count":6,"href":"https:\/\/www.riihi.fi\/index.php?rest_route=\/wp\/v2\/posts\/235\/revisions"}],"predecessor-version":[{"id":256,"href":"https:\/\/www.riihi.fi\/index.php?rest_route=\/wp\/v2\/posts\/235\/revisions\/256"}],"wp:attachment":[{"href":"https:\/\/www.riihi.fi\/index.php?rest_route=%2Fwp%2Fv2%2Fmedia&parent=235"}],"wp:term":[{"taxonomy":"category","embeddable":true,"href":"https:\/\/www.riihi.fi\/index.php?rest_route=%2Fwp%2Fv2%2Fcategories&post=235"},{"taxonomy":"post_tag","embeddable":true,"href":"https:\/\/www.riihi.fi\/index.php?rest_route=%2Fwp%2Fv2%2Ftags&post=235"}],"curies":[{"name":"wp","href":"https:\/\/api.w.org\/{rel}","templated":true}]}}