{"id":279,"date":"2022-03-22T10:44:47","date_gmt":"2022-03-22T10:44:47","guid":{"rendered":"http:\/\/www.riihi.fi\/?p=279"},"modified":"2022-03-22T10:46:19","modified_gmt":"2022-03-22T10:46:19","slug":"tyovaenmuseo-werstas-vaalii-tyovaen-kulttuuriperintoa","status":"publish","type":"post","link":"https:\/\/www.riihi.fi\/?p=279","title":{"rendered":"S\u00e4\u00e4ti\u00f6n tuella: Ty\u00f6v\u00e4enmuseo Werstas vaalii ty\u00f6v\u00e4en kulttuuriperint\u00f6\u00e4"},"content":{"rendered":"<p><strong>Mittavan tallennushankkeen my\u00f6t\u00e4 laajat, historialliset kokoelmat ovat yleis\u00f6n saatavilla.<\/strong><\/p>\n<p><img decoding=\"async\" class=\" wp-image-282 alignleft\" src=\"https:\/\/www.riihi.fi\/wp-content\/uploads\/2022\/03\/Killinkosken-ty\u00f6v\u00e4enyhdistyksen-puvusto-luetteloitu-19.8.2019Kuvaaja-Leena-Ahonen_Ty\u00f6v\u00e4enmuseo-Werstas-300x200.jpg\" alt=\"\" width=\"336\" height=\"224\" srcset=\"https:\/\/www.riihi.fi\/wp-content\/uploads\/2022\/03\/Killinkosken-ty\u00f6v\u00e4enyhdistyksen-puvusto-luetteloitu-19.8.2019Kuvaaja-Leena-Ahonen_Ty\u00f6v\u00e4enmuseo-Werstas-200x133.jpg 200w, https:\/\/www.riihi.fi\/wp-content\/uploads\/2022\/03\/Killinkosken-ty\u00f6v\u00e4enyhdistyksen-puvusto-luetteloitu-19.8.2019Kuvaaja-Leena-Ahonen_Ty\u00f6v\u00e4enmuseo-Werstas-300x200.jpg 300w, https:\/\/www.riihi.fi\/wp-content\/uploads\/2022\/03\/Killinkosken-ty\u00f6v\u00e4enyhdistyksen-puvusto-luetteloitu-19.8.2019Kuvaaja-Leena-Ahonen_Ty\u00f6v\u00e4enmuseo-Werstas-400x267.jpg 400w, https:\/\/www.riihi.fi\/wp-content\/uploads\/2022\/03\/Killinkosken-ty\u00f6v\u00e4enyhdistyksen-puvusto-luetteloitu-19.8.2019Kuvaaja-Leena-Ahonen_Ty\u00f6v\u00e4enmuseo-Werstas-600x400.jpg 600w, https:\/\/www.riihi.fi\/wp-content\/uploads\/2022\/03\/Killinkosken-ty\u00f6v\u00e4enyhdistyksen-puvusto-luetteloitu-19.8.2019Kuvaaja-Leena-Ahonen_Ty\u00f6v\u00e4enmuseo-Werstas-768x512.jpg 768w, https:\/\/www.riihi.fi\/wp-content\/uploads\/2022\/03\/Killinkosken-ty\u00f6v\u00e4enyhdistyksen-puvusto-luetteloitu-19.8.2019Kuvaaja-Leena-Ahonen_Ty\u00f6v\u00e4enmuseo-Werstas-800x533.jpg 800w, https:\/\/www.riihi.fi\/wp-content\/uploads\/2022\/03\/Killinkosken-ty\u00f6v\u00e4enyhdistyksen-puvusto-luetteloitu-19.8.2019Kuvaaja-Leena-Ahonen_Ty\u00f6v\u00e4enmuseo-Werstas-1024x683.jpg 1024w, https:\/\/www.riihi.fi\/wp-content\/uploads\/2022\/03\/Killinkosken-ty\u00f6v\u00e4enyhdistyksen-puvusto-luetteloitu-19.8.2019Kuvaaja-Leena-Ahonen_Ty\u00f6v\u00e4enmuseo-Werstas-1200x800.jpg 1200w\" sizes=\"(max-width: 336px) 100vw, 336px\" \/>Tampereella, Finlaysonin historiallisella tehdasalueella toimiva Ty\u00f6v\u00e4enmuseo Werstas on ty\u00f6v\u00e4enperinn\u00f6n valtakunnallinen vastuumuseo. Se on Suomen suurin vapaan p\u00e4\u00e4syn museo, jossa vierailee vuosittain noin 50\u00a0000\u00a0henkil\u00f6\u00e4. Museota yll\u00e4pit\u00e4\u00e4 Ty\u00f6v\u00e4en museoyhdistys ry.<\/p>\n<p>Museon perustaminen l\u00e4hti 1980-luvun lopulla liikkeelle ty\u00f6v\u00e4enj\u00e4rjest\u00f6ist\u00e4, mutta sen toiminta on laajentunut kattamaan yh\u00e4 suuremman siivun suomalaisesta ty\u00f6el\u00e4m\u00e4st\u00e4 ja kansalaisyhteiskunnasta.<\/p>\n<p>Opetusministeri\u00f6 nimesi Ty\u00f6v\u00e4enmuseo Werstaan ty\u00f6el\u00e4m\u00e4n ja sosiaalihistorian valtakunnalliseksi erikoismuseoksi vuonna 1996. Museo on yhteiskunnallisesti avainasemassa ty\u00f6v\u00e4enperinn\u00f6n esiintuomisessa.<\/p>\n<p>Vuosikymmenten saatossa monet ty\u00f6v\u00e4enliikkeen toimijat\u00a0ovat luovuttaneet kokoelmansa Werstaalle. Aineistojen ja esineist\u00f6n s\u00e4ilytt\u00e4misess\u00e4 keskeist\u00e4 on ollut hidastaa kokoelmia tuhoavia prosesseja ja samalla kartuttaa niihin liittyv\u00e4\u00e4 tietoa. Esineiden ja kuvien ohella t\u00e4rke\u00e4\u00e4 on s\u00e4ilytt\u00e4\u00e4 ja tallentaa laajemmin kulttuuriperint\u00f6\u00f6n liittyv\u00e4\u00e4 tietoa.<\/p>\n<p><strong>Ty\u00f6v\u00e4enperint\u00f6 on yhteist\u00e4 kulttuurista perint\u00f6\u00e4<br \/>\n<\/strong><br \/>\nMuseon yhteisty\u00f6 Riihi s\u00e4\u00e4ti\u00f6n kanssa alkoi vuonna 2016. Museolla\u00a0ryhdyttiin k\u00e4ym\u00e4\u00e4n l\u00e4pi niit\u00e4 vuosikymmenten varrella Werstaalle\u00a0siirrettyj\u00e4 esine-eri\u00e4, jotka olivat j\u00e4\u00e4neet k\u00e4sittelem\u00e4tt\u00e4. Esimerkiksi\u00a0Ty\u00f6v\u00e4en Arkistosta, Kansan Lehdest\u00e4, Kivist\u00f6n torpparimuseosta sek\u00e4\u00a0lukuisista paikallisista ty\u00f6v\u00e4enyhdistyksist\u00e4 kertyneit\u00e4 aineistoja\u00a0inventoitiin, luetteloitiin ja digitoitiin. Osa aineistoista on per\u00e4isin\u00a0sotia edelt\u00e4v\u00e4lt\u00e4 ajalta ja tuoreimmat edustavat 2010-luvun\u00a0ty\u00f6v\u00e4enliikkeen kirjoa.<\/p>\n<p>\u201dTuki on mahdollistanut sen, ett\u00e4 olemme pystyneet k\u00e4ym\u00e4\u00e4n aineistokokonaisuuksia l\u00e4pi, haastattelemaan niiden aiempia haltijoita ja erittelem\u00e4\u00e4n ja tallentamaan esineist\u00f6\u00e4. Luetteloimattomien esineiden m\u00e4\u00e4r\u00e4 on v\u00e4hentynyt todella merkitt\u00e4v\u00e4sti. Kun aineistot on saatu j\u00e4rjestetty\u00e4, tilaa on nyt my\u00f6s nykyp\u00e4iv\u00e4lle\u201d, iloitsee museonjohtaja <strong>Kalle Kallio<\/strong>.<\/p>\n<p>Ty\u00f6v\u00e4enperinn\u00f6n suuri tallennushanke 2018\u20132020 oli Kallion mukaan kokonaisuudessaan onnistunut projekti, joka tuotti Werstaan kokoelmiin laadukkaan, ty\u00f6v\u00e4enliikkeen vaiheista kertovan esinekokonaisuuden aiemmin luetteloidun aineiston rinnalle. K\u00e4sitelty\u00a0aineisto kertoo torppareista, ty\u00f6v\u00e4enlehdist\u00f6st\u00e4, toiminnasta\u00a0ty\u00f6v\u00e4entaloilla, ty\u00f6v\u00e4enmusiikista sek\u00e4 ammattiyhdistys- ja\u00a0lapsitoiminnasta.<\/p>\n<p>\u201dNyt aineistom\u00e4\u00e4r\u00e4t ja volyymi on toinen, mutta se on perusty\u00f6t\u00e4mme. Pystymme aidosti keskittym\u00e4\u00e4n itse kulttuuriperint\u00f6\u00f6n ja tekem\u00e4\u00e4n sen eteen ty\u00f6t\u00e4. Kokoelmamme ovat nyt hallittuja ja voimme tehd\u00e4 niit\u00e4 n\u00e4kyv\u00e4ksi. Ilman mittavaa perusty\u00f6t\u00e4 se ei olisi mahdollista.\u201d<\/p>\n<p><em>Riihi s\u00e4\u00e4ti\u00f6 on tukenut ty\u00f6v\u00e4enperinn\u00f6n tallennushanketta.<\/em><\/p>\n<p>Lue lis\u00e4\u00e4: <a href=\"http:\/\/www.werstas.fi\/\">Ty\u00f6v\u00e4enmuseo Werstas<\/a><\/p>\n<p><em>Kuvateksti: Projektitutkija Emilia Lemmetyinen\u00a0k\u00e4sittelee Killinkosken ty\u00f6v\u00e4enn\u00e4ytt\u00e4m\u00f6n pukuja.<br \/>\nKuva: Leena\u00a0Ahonen, Ty\u00f6v\u00e4enmuseo Werstas<\/em><\/p>\n","protected":false},"excerpt":{"rendered":"<p>Mittavan tallennushankkeen my\u00f6t\u00e4 laajat, historialliset kokoelmat ovat yleis\u00f6n saatavilla. Tampereella, Finlaysonin historiallisella tehdasalueella toimiva Ty\u00f6v\u00e4enmuseo Werstas on ty\u00f6v\u00e4enperinn\u00f6n valtakunnallinen vastuumuseo. Se on Suomen suurin vapaan p\u00e4\u00e4syn museo, jossa vierailee vuosittain noin 50\u00a0000\u00a0henkil\u00f6\u00e4. Museota yll\u00e4pit\u00e4\u00e4 Ty\u00f6v\u00e4en museoyhdistys ry. Museon perustaminen l\u00e4hti 1980-luvun lopulla liikkeelle ty\u00f6v\u00e4enj\u00e4rjest\u00f6ist\u00e4, mutta sen toiminta on laajentunut kattamaan yh\u00e4 suuremman siivun suomalaisesta ty\u00f6el\u00e4m\u00e4st\u00e4  [&#8230;]<\/p>\n","protected":false},"author":1,"featured_media":0,"comment_status":"open","ping_status":"open","sticky":false,"template":"","format":"standard","meta":{"footnotes":""},"categories":[1],"tags":[],"class_list":["post-279","post","type-post","status-publish","format-standard","hentry","category-uncategorized"],"_links":{"self":[{"href":"https:\/\/www.riihi.fi\/index.php?rest_route=\/wp\/v2\/posts\/279","targetHints":{"allow":["GET"]}}],"collection":[{"href":"https:\/\/www.riihi.fi\/index.php?rest_route=\/wp\/v2\/posts"}],"about":[{"href":"https:\/\/www.riihi.fi\/index.php?rest_route=\/wp\/v2\/types\/post"}],"author":[{"embeddable":true,"href":"https:\/\/www.riihi.fi\/index.php?rest_route=\/wp\/v2\/users\/1"}],"replies":[{"embeddable":true,"href":"https:\/\/www.riihi.fi\/index.php?rest_route=%2Fwp%2Fv2%2Fcomments&post=279"}],"version-history":[{"count":5,"href":"https:\/\/www.riihi.fi\/index.php?rest_route=\/wp\/v2\/posts\/279\/revisions"}],"predecessor-version":[{"id":286,"href":"https:\/\/www.riihi.fi\/index.php?rest_route=\/wp\/v2\/posts\/279\/revisions\/286"}],"wp:attachment":[{"href":"https:\/\/www.riihi.fi\/index.php?rest_route=%2Fwp%2Fv2%2Fmedia&parent=279"}],"wp:term":[{"taxonomy":"category","embeddable":true,"href":"https:\/\/www.riihi.fi\/index.php?rest_route=%2Fwp%2Fv2%2Fcategories&post=279"},{"taxonomy":"post_tag","embeddable":true,"href":"https:\/\/www.riihi.fi\/index.php?rest_route=%2Fwp%2Fv2%2Ftags&post=279"}],"curies":[{"name":"wp","href":"https:\/\/api.w.org\/{rel}","templated":true}]}}