{"id":299,"date":"2022-06-04T07:24:55","date_gmt":"2022-06-04T07:24:55","guid":{"rendered":"http:\/\/www.riihi.fi\/?p=299"},"modified":"2022-06-04T07:24:55","modified_gmt":"2022-06-04T07:24:55","slug":"avustuksensaajan-ajatuksia-sisallissodan-viimeiset-vaiheet-koettiin-pyhtaalla","status":"publish","type":"post","link":"https:\/\/www.riihi.fi\/?p=299","title":{"rendered":"Avustuksensaajan ajatuksia:  Sis\u00e4llissodan viimeiset vaiheet koettiin Pyht\u00e4\u00e4ll\u00e4"},"content":{"rendered":"<p><strong>Tietokirja kuvaa sis\u00e4llissodan tapahtumia Pyht\u00e4\u00e4ll\u00e4 1918, miss\u00e4 viimeiset punaiset antautuivat.<\/strong><\/p>\n<p><strong><img decoding=\"async\" class=\"size-medium wp-image-298 alignleft\" src=\"https:\/\/www.riihi.fi\/wp-content\/uploads\/2022\/06\/Riihi_Pyhtaa_sisallissodassa_Etukansi-214x300.jpg\" alt=\"\" width=\"214\" height=\"300\" srcset=\"https:\/\/www.riihi.fi\/wp-content\/uploads\/2022\/06\/Riihi_Pyhtaa_sisallissodassa_Etukansi-200x281.jpg 200w, https:\/\/www.riihi.fi\/wp-content\/uploads\/2022\/06\/Riihi_Pyhtaa_sisallissodassa_Etukansi-214x300.jpg 214w, https:\/\/www.riihi.fi\/wp-content\/uploads\/2022\/06\/Riihi_Pyhtaa_sisallissodassa_Etukansi-400x561.jpg 400w, https:\/\/www.riihi.fi\/wp-content\/uploads\/2022\/06\/Riihi_Pyhtaa_sisallissodassa_Etukansi-600x842.jpg 600w, https:\/\/www.riihi.fi\/wp-content\/uploads\/2022\/06\/Riihi_Pyhtaa_sisallissodassa_Etukansi-730x1024.jpg 730w, https:\/\/www.riihi.fi\/wp-content\/uploads\/2022\/06\/Riihi_Pyhtaa_sisallissodassa_Etukansi-768x1078.jpg 768w, https:\/\/www.riihi.fi\/wp-content\/uploads\/2022\/06\/Riihi_Pyhtaa_sisallissodassa_Etukansi-800x1123.jpg 800w, https:\/\/www.riihi.fi\/wp-content\/uploads\/2022\/06\/Riihi_Pyhtaa_sisallissodassa_Etukansi-1200x1684.jpg 1200w\" sizes=\"(max-width: 214px) 100vw, 214px\" \/><\/strong>Teos <em>Pyht\u00e4\u00e4 sis\u00e4llissodassa<\/em> kertoo sis\u00e4llissodan tapahtumista Pyht\u00e4\u00e4ll\u00e4 Kymenlaaksossa vuosina 1917\u20131918. Pyht\u00e4\u00e4n tapahtumat sis\u00e4llissodassa olivat merkitt\u00e4vi\u00e4 ja menetykset tuntuvia. Vaikka sota periaatteessa p\u00e4\u00e4ttyi Pyht\u00e4\u00e4ll\u00e4, ei tapahtumista ole aiemmin tehty kattavaa tutkimusta.<\/p>\n<p>Vuonna 2020 julkaistu l\u00e4hes 400-sivuinen tietokirja kertoo Pyht\u00e4\u00e4n tapahtumista vuodesta 1917 l\u00e4htien koko sis\u00e4llissotakev\u00e4\u00e4n ajan, aina sodan j\u00e4lkiselvittelyihin asti. Mukana on my\u00f6s henkil\u00f6kuvia sek\u00e4 punaisten ett\u00e4 valkoisten puolella olleista pyht\u00e4\u00e4l\u00e4isist\u00e4.<\/p>\n<p>\u201dKirjan taustatutkimus- ja kirjoitusty\u00f6 oli varsin mittava, ja saamastani avustuksesta olikin suuri ja t\u00e4rke\u00e4 apu kirjan kirjoitusvaiheessa. Sen avulla pystyin antamaan kirjaprojektille sen tarvitsemaa aikaa. Ilman avustusta kirjoitusty\u00f6 olisi omien t\u00f6iden ohella ollut eritt\u00e4in haastavaa\u201d, kertoo pyht\u00e4\u00e4l\u00e4issyntyinen tietokirjailija, yritt\u00e4j\u00e4 <strong>Sanna L\u00f6nnfors<\/strong>, innokas paikallishistorian harrastaja, joka asuu monen ulkomaanvuoden j\u00e4lkeen Kotkassa.<\/p>\n<p><strong>Sodan viimeinen rintama oli Ahvenkoskella<\/strong><\/p>\n<p>Pienen tehdaspaikkakunnan miehi\u00e4 l\u00e4hti rintamalle taistelemaan niin punaisten kuin valkoisten puolelle, ja kotipaikkakunnalle j\u00e4\u00e4neet punaiset her\u00e4ttiv\u00e4t pelkoa takavarikoinneillaan ja vangitsemisillaan. Moni valkoiseksi luokiteltu p\u00e4\u00e4tyi kuulusteltavaksi Kouvolaan ja j\u00e4i sille tielleen, ja viel\u00e4 useampi pakeni punaisia metsiin ja saaristoon. Sodan aikana maaliskuussa perustettiin Pyht\u00e4\u00e4lle punainen naiskaarti.<\/p>\n<p>Saksalaiset nousivat maihin Loviisassa, marssivat Pyht\u00e4\u00e4n l\u00e4pi huhtikuussa ja per\u00e4\u00e4ntyiv\u00e4t sitten uudelleen Pyht\u00e4\u00e4n l\u00e4pi tultuaan torjutuksi Kyminlinnassa. Sis\u00e4llissodan viimeinen rintama muodostui Pyht\u00e4\u00e4n Ahvenkoskelle, miss\u00e4 viimeiset punaiset antautuivat toukokuussa 1918. Sadat pyht\u00e4\u00e4l\u00e4iset p\u00e4\u00e4tyiv\u00e4t punavankileireille, joilta monet eiv\u00e4t koskaan palanneet. Sodan p\u00e4\u00e4tytty\u00e4 perustettiin Pyht\u00e4\u00e4lle suojeluskunta.<\/p>\n<p>\u201dKirja on l\u00f6yt\u00e4nyt yleis\u00f6ns\u00e4 \u2013 saan edelleen palautetta ja yhteydenottoja siihen liittyen\u201d, L\u00f6nnfors kertoo. H\u00e4nelt\u00e4 on sittemmin ilmestynyt teos <em>Israelin auringon palasia<\/em> (Reuna, 2021). T\u00e4ll\u00e4 hetkell\u00e4 h\u00e4n kirjoittaa j\u00e4\u00e4k\u00e4rieverstiluutnantti <strong>Bertel M\u00e5rtensonin<\/strong> (1893-1945) el\u00e4m\u00e4kertaa.<\/p>\n<p>\u201dSuunnittelen my\u00f6s vuoteen 1918 sijoittuvaa romaania, jonka kirjoittaminen ei onnistuisi ilman apurahan turvin aikanaan tekem\u00e4\u00e4ni taustatutkimusty\u00f6t\u00e4. N\u00e4in aiemmin muuhun tarkoitukseen saadusta avustuksesta voi olla viel\u00e4 my\u00f6hemminkin ennalta arvaamattomia hy\u00f6ty\u00e4\u201d, L\u00f6nnfors kertoo.<\/p>\n<p><strong><em>Pyht\u00e4\u00e4 sis\u00e4llissodassa<\/em><\/strong><em>, kirjoittaja Sanna L\u00f6nnfors (Reuna, 2020). Riihi s\u00e4\u00e4ti\u00f6 on tukenut julkaisua.<\/em><\/p>\n","protected":false},"excerpt":{"rendered":"<p>Tietokirja kuvaa sis\u00e4llissodan tapahtumia Pyht\u00e4\u00e4ll\u00e4 1918, miss\u00e4 viimeiset punaiset antautuivat. Teos Pyht\u00e4\u00e4 sis\u00e4llissodassa kertoo sis\u00e4llissodan tapahtumista Pyht\u00e4\u00e4ll\u00e4 Kymenlaaksossa vuosina 1917\u20131918. Pyht\u00e4\u00e4n tapahtumat sis\u00e4llissodassa olivat merkitt\u00e4vi\u00e4 ja menetykset tuntuvia. Vaikka sota periaatteessa p\u00e4\u00e4ttyi Pyht\u00e4\u00e4ll\u00e4, ei tapahtumista ole aiemmin tehty kattavaa tutkimusta. Vuonna 2020 julkaistu l\u00e4hes 400-sivuinen tietokirja kertoo Pyht\u00e4\u00e4n tapahtumista vuodesta 1917 l\u00e4htien koko sis\u00e4llissotakev\u00e4\u00e4n ajan,  [&#8230;]<\/p>\n","protected":false},"author":3,"featured_media":0,"comment_status":"open","ping_status":"open","sticky":false,"template":"","format":"standard","meta":{"footnotes":""},"categories":[1],"tags":[],"class_list":["post-299","post","type-post","status-publish","format-standard","hentry","category-uncategorized"],"_links":{"self":[{"href":"https:\/\/www.riihi.fi\/index.php?rest_route=\/wp\/v2\/posts\/299","targetHints":{"allow":["GET"]}}],"collection":[{"href":"https:\/\/www.riihi.fi\/index.php?rest_route=\/wp\/v2\/posts"}],"about":[{"href":"https:\/\/www.riihi.fi\/index.php?rest_route=\/wp\/v2\/types\/post"}],"author":[{"embeddable":true,"href":"https:\/\/www.riihi.fi\/index.php?rest_route=\/wp\/v2\/users\/3"}],"replies":[{"embeddable":true,"href":"https:\/\/www.riihi.fi\/index.php?rest_route=%2Fwp%2Fv2%2Fcomments&post=299"}],"version-history":[{"count":1,"href":"https:\/\/www.riihi.fi\/index.php?rest_route=\/wp\/v2\/posts\/299\/revisions"}],"predecessor-version":[{"id":300,"href":"https:\/\/www.riihi.fi\/index.php?rest_route=\/wp\/v2\/posts\/299\/revisions\/300"}],"wp:attachment":[{"href":"https:\/\/www.riihi.fi\/index.php?rest_route=%2Fwp%2Fv2%2Fmedia&parent=299"}],"wp:term":[{"taxonomy":"category","embeddable":true,"href":"https:\/\/www.riihi.fi\/index.php?rest_route=%2Fwp%2Fv2%2Fcategories&post=299"},{"taxonomy":"post_tag","embeddable":true,"href":"https:\/\/www.riihi.fi\/index.php?rest_route=%2Fwp%2Fv2%2Ftags&post=299"}],"curies":[{"name":"wp","href":"https:\/\/api.w.org\/{rel}","templated":true}]}}