{"id":302,"date":"2022-07-31T15:14:06","date_gmt":"2022-07-31T15:14:06","guid":{"rendered":"http:\/\/www.riihi.fi\/?p=302"},"modified":"2022-07-31T15:15:35","modified_gmt":"2022-07-31T15:15:35","slug":"tyovaen-musiikkitapahtuma-taytti-50-vuotta-juhlien-valkeakoskella","status":"publish","type":"post","link":"https:\/\/www.riihi.fi\/?p=302","title":{"rendered":"Ty\u00f6v\u00e4en Musiikkitapahtuma t\u00e4ytti 50 vuotta juhlien Valkeakoskella"},"content":{"rendered":"<p>Hein\u00e4kuun viimeisen\u00e4 viikonloppuna Ty\u00f6v\u00e4en Musiikkitapahtuman 50v-juhlavuoden tapahtuma p\u00e4\u00e4stiin j\u00e4rjest\u00e4m\u00e4\u00e4n UPM Tervasaaren paperitehtaan ja Myllysaaren museon tutussa milj\u00f6\u00f6ss\u00e4 kanavan rannalla. T\u00e4m\u00e4 oli ty\u00f6voitto tapahtuman tekij\u00f6ille ja koko kaupungille. Pitk\u00e4 odotus palkitaan ja tehtaan pilli soi taas!<\/p>\n<p>Ty\u00f6v\u00e4en Musiikkitapahtumassa kuultiin musiikkia, josta ty\u00f6v\u00e4ki pit\u00e4\u00e4. Suosikkiartistien lis\u00e4ksi laulettiin vanhoja ty\u00f6v\u00e4enlauluja sek\u00e4 uusia kantaaottavia lauluja.<\/p>\n<p>Monipuolisen musiikkikattauksen lis\u00e4ksi taphatumassa oli tilaa my\u00f6s muulle taiteelle ja kulttuurille sek\u00e4 keskustelulle. Tapahtuman keskustelutilaisuuksissa kuultiin puheenvuoroja esimerkiksi siit\u00e4, miten media kohtelee ty\u00f6ntekij\u00f6it\u00e4 tai miten ty\u00f6el\u00e4m\u00e4\u00e4 tulisi kehitt\u00e4\u00e4.<\/p>\n<p>Ty\u00f6v\u00e4elle sananvapaus on aina ollut t\u00e4rke\u00e4\u00e4, kun on taisteltu ty\u00f6v\u00e4en oikeuksista. On p\u00e4\u00e4sty puhumaan oikeuksista, nostamaan esiin ep\u00e4oikeudenmukaisuuksia, esitt\u00e4m\u00e4\u00e4n toivomuksia sek\u00e4 keskustelemaan.<\/p>\n<p>Ty\u00f6v\u00e4en Musiikkitapahtumassa n\u00e4htiin esityksi\u00e4 useilla eri lavoilla, jotka on nimetty yhteisty\u00f6kumppaneiden ja tukijoiden mukaan. Yksi n\u00e4ist\u00e4 on Riihi s\u00e4\u00e4ti\u00f6n tuella toteutettu Sananvapauden lava, jossa tarjottiin monipuolista ohjelmaa nelj\u00e4n p\u00e4iv\u00e4n ajan mn. tapahtuman avajaiset, 50-vuotisjuhlakonsertti sek\u00e4 tapahtuman perinteeksi muodostuneet y\u00f6yhteislaulut.<\/p>\n<p>Tapahtuman artisteista Jori Otsa &amp; Mah\u00b4Orkka, Antti Autio sek\u00e4 Club for Five -yhtyeest\u00e4 tuttu Juha Viitala esiintyiv\u00e4t Sananvapauden lavalla. Festivaalille on perinteisesti t\u00e4rke\u00e4\u00e4, ett\u00e4 jokainen voi tilanteestaan ja taustastaan riippumatta osallistua tapahtumaan, joten juuri siksi Sananvapauden lavan ohjelma pidettiin yleis\u00f6lle maksuttomana.<\/p>\n<p>Lis\u00e4tietoja tapahtumasta: <a href=\"http:\/\/www.valmu.com\">www.valmu.com<\/a><\/p>\n<div id=\"attachment_307\" style=\"width: 310px\" class=\"wp-caption alignnone\"><a href=\"https:\/\/www.riihi.fi\/?attachment_id=307\" rel=\"attachment wp-att-307\"><img decoding=\"async\" aria-describedby=\"caption-attachment-307\" class=\"size-medium wp-image-307\" src=\"https:\/\/www.riihi.fi\/wp-content\/uploads\/2022\/07\/IMG_20220729_170240-300x138.jpg\" alt=\"\" width=\"300\" height=\"138\" srcset=\"https:\/\/www.riihi.fi\/wp-content\/uploads\/2022\/07\/IMG_20220729_170240-200x92.jpg 200w, https:\/\/www.riihi.fi\/wp-content\/uploads\/2022\/07\/IMG_20220729_170240-300x138.jpg 300w, https:\/\/www.riihi.fi\/wp-content\/uploads\/2022\/07\/IMG_20220729_170240-400x183.jpg 400w, https:\/\/www.riihi.fi\/wp-content\/uploads\/2022\/07\/IMG_20220729_170240-600x275.jpg 600w, https:\/\/www.riihi.fi\/wp-content\/uploads\/2022\/07\/IMG_20220729_170240-768x352.jpg 768w, https:\/\/www.riihi.fi\/wp-content\/uploads\/2022\/07\/IMG_20220729_170240-800x367.jpg 800w, https:\/\/www.riihi.fi\/wp-content\/uploads\/2022\/07\/IMG_20220729_170240-1024x469.jpg 1024w, https:\/\/www.riihi.fi\/wp-content\/uploads\/2022\/07\/IMG_20220729_170240-1200x550.jpg 1200w\" sizes=\"(max-width: 300px) 100vw, 300px\" \/><\/a><p id=\"caption-attachment-307\" class=\"wp-caption-text\">Valmu ry:n toiminnanjohtaja Marianne Haapoja Sananvapauden lavalla.<\/p><\/div>\n<div id=\"attachment_305\" style=\"width: 310px\" class=\"wp-caption alignnone\"><a href=\"https:\/\/www.riihi.fi\/?attachment_id=305\" rel=\"attachment wp-att-305\"><img decoding=\"async\" aria-describedby=\"caption-attachment-305\" class=\"size-medium wp-image-305\" src=\"https:\/\/www.riihi.fi\/wp-content\/uploads\/2022\/07\/IMG_20220729_204358-300x138.jpg\" alt=\"\" width=\"300\" height=\"138\" srcset=\"https:\/\/www.riihi.fi\/wp-content\/uploads\/2022\/07\/IMG_20220729_204358-200x92.jpg 200w, https:\/\/www.riihi.fi\/wp-content\/uploads\/2022\/07\/IMG_20220729_204358-300x138.jpg 300w, https:\/\/www.riihi.fi\/wp-content\/uploads\/2022\/07\/IMG_20220729_204358-400x183.jpg 400w, https:\/\/www.riihi.fi\/wp-content\/uploads\/2022\/07\/IMG_20220729_204358-600x275.jpg 600w, https:\/\/www.riihi.fi\/wp-content\/uploads\/2022\/07\/IMG_20220729_204358-768x352.jpg 768w, https:\/\/www.riihi.fi\/wp-content\/uploads\/2022\/07\/IMG_20220729_204358-800x367.jpg 800w, https:\/\/www.riihi.fi\/wp-content\/uploads\/2022\/07\/IMG_20220729_204358-1024x469.jpg 1024w, https:\/\/www.riihi.fi\/wp-content\/uploads\/2022\/07\/IMG_20220729_204358-1200x550.jpg 1200w\" sizes=\"(max-width: 300px) 100vw, 300px\" \/><\/a><p id=\"caption-attachment-305\" class=\"wp-caption-text\">Riihi s\u00e4\u00e4ti\u00f6 oli yksi tapahtuman tukijoista. Yleis\u00f6 odottaa p\u00e4\u00e4lavan esiintyj\u00e4\u00e4 perjantaina.<\/p><\/div>\n<div id=\"attachment_306\" style=\"width: 310px\" class=\"wp-caption alignnone\"><a href=\"https:\/\/www.riihi.fi\/?attachment_id=306\" rel=\"attachment wp-att-306\"><img decoding=\"async\" aria-describedby=\"caption-attachment-306\" class=\"size-medium wp-image-306\" src=\"https:\/\/www.riihi.fi\/wp-content\/uploads\/2022\/07\/IMG_20220729_165738-300x138.jpg\" alt=\"\" width=\"300\" height=\"138\" srcset=\"https:\/\/www.riihi.fi\/wp-content\/uploads\/2022\/07\/IMG_20220729_165738-200x92.jpg 200w, https:\/\/www.riihi.fi\/wp-content\/uploads\/2022\/07\/IMG_20220729_165738-300x138.jpg 300w, https:\/\/www.riihi.fi\/wp-content\/uploads\/2022\/07\/IMG_20220729_165738-400x183.jpg 400w, https:\/\/www.riihi.fi\/wp-content\/uploads\/2022\/07\/IMG_20220729_165738-600x275.jpg 600w, https:\/\/www.riihi.fi\/wp-content\/uploads\/2022\/07\/IMG_20220729_165738-768x352.jpg 768w, https:\/\/www.riihi.fi\/wp-content\/uploads\/2022\/07\/IMG_20220729_165738-800x367.jpg 800w, https:\/\/www.riihi.fi\/wp-content\/uploads\/2022\/07\/IMG_20220729_165738-1024x469.jpg 1024w, https:\/\/www.riihi.fi\/wp-content\/uploads\/2022\/07\/IMG_20220729_165738-1200x550.jpg 1200w\" sizes=\"(max-width: 300px) 100vw, 300px\" \/><\/a><p id=\"caption-attachment-306\" class=\"wp-caption-text\">Sananvapauden lavalla avattiin tapahtuma sek\u00e4 kuultiin useita esityksi\u00e4 nelj\u00e4n p\u00e4iv\u00e4n aikana.<\/p><\/div>\n","protected":false},"excerpt":{"rendered":"<p>Hein\u00e4kuun viimeisen\u00e4 viikonloppuna Ty\u00f6v\u00e4en Musiikkitapahtuman 50v-juhlavuoden tapahtuma p\u00e4\u00e4stiin j\u00e4rjest\u00e4m\u00e4\u00e4n UPM Tervasaaren paperitehtaan ja Myllysaaren museon tutussa milj\u00f6\u00f6ss\u00e4 kanavan rannalla. T\u00e4m\u00e4 oli ty\u00f6voitto tapahtuman tekij\u00f6ille ja koko kaupungille. Pitk\u00e4 odotus palkitaan ja tehtaan pilli soi taas! Ty\u00f6v\u00e4en Musiikkitapahtumassa kuultiin musiikkia, josta ty\u00f6v\u00e4ki pit\u00e4\u00e4. Suosikkiartistien lis\u00e4ksi laulettiin vanhoja ty\u00f6v\u00e4enlauluja sek\u00e4 uusia kantaaottavia lauluja. Monipuolisen musiikkikattauksen lis\u00e4ksi taphatumassa  [&#8230;]<\/p>\n","protected":false},"author":2,"featured_media":0,"comment_status":"open","ping_status":"open","sticky":false,"template":"","format":"standard","meta":{"footnotes":""},"categories":[1],"tags":[],"class_list":["post-302","post","type-post","status-publish","format-standard","hentry","category-uncategorized"],"_links":{"self":[{"href":"https:\/\/www.riihi.fi\/index.php?rest_route=\/wp\/v2\/posts\/302","targetHints":{"allow":["GET"]}}],"collection":[{"href":"https:\/\/www.riihi.fi\/index.php?rest_route=\/wp\/v2\/posts"}],"about":[{"href":"https:\/\/www.riihi.fi\/index.php?rest_route=\/wp\/v2\/types\/post"}],"author":[{"embeddable":true,"href":"https:\/\/www.riihi.fi\/index.php?rest_route=\/wp\/v2\/users\/2"}],"replies":[{"embeddable":true,"href":"https:\/\/www.riihi.fi\/index.php?rest_route=%2Fwp%2Fv2%2Fcomments&post=302"}],"version-history":[{"count":5,"href":"https:\/\/www.riihi.fi\/index.php?rest_route=\/wp\/v2\/posts\/302\/revisions"}],"predecessor-version":[{"id":311,"href":"https:\/\/www.riihi.fi\/index.php?rest_route=\/wp\/v2\/posts\/302\/revisions\/311"}],"wp:attachment":[{"href":"https:\/\/www.riihi.fi\/index.php?rest_route=%2Fwp%2Fv2%2Fmedia&parent=302"}],"wp:term":[{"taxonomy":"category","embeddable":true,"href":"https:\/\/www.riihi.fi\/index.php?rest_route=%2Fwp%2Fv2%2Fcategories&post=302"},{"taxonomy":"post_tag","embeddable":true,"href":"https:\/\/www.riihi.fi\/index.php?rest_route=%2Fwp%2Fv2%2Ftags&post=302"}],"curies":[{"name":"wp","href":"https:\/\/api.w.org\/{rel}","templated":true}]}}