{"id":318,"date":"2022-08-22T06:36:47","date_gmt":"2022-08-22T06:36:47","guid":{"rendered":"http:\/\/www.riihi.fi\/?p=318"},"modified":"2022-08-22T06:36:47","modified_gmt":"2022-08-22T06:36:47","slug":"avustuksensaajan-ajatuksia-kulttuuriperinto-talteen-valokuvien-avulla","status":"publish","type":"post","link":"https:\/\/www.riihi.fi\/?p=318","title":{"rendered":"Avustuksensaajan ajatuksia: Kulttuuriperint\u00f6 talteen valokuvien avulla"},"content":{"rendered":"<p><strong>Valokuvaaja Pertti Pitk\u00e4sen arkistoista syntynyt valokuvan\u00e4yttely esittelee 1970-luvun joukkotapahtumia.<br \/>\n<\/strong><\/p>\n<div id=\"attachment_312\" style=\"width: 310px\" class=\"wp-caption alignleft\"><img decoding=\"async\" aria-describedby=\"caption-attachment-312\" class=\"size-medium wp-image-312\" src=\"https:\/\/www.riihi.fi\/wp-content\/uploads\/2022\/08\/Lahti-5-1978-B2-300x200.jpg\" alt=\"\" width=\"300\" height=\"200\" srcset=\"https:\/\/www.riihi.fi\/wp-content\/uploads\/2022\/08\/Lahti-5-1978-B2-200x133.jpg 200w, https:\/\/www.riihi.fi\/wp-content\/uploads\/2022\/08\/Lahti-5-1978-B2-300x200.jpg 300w, https:\/\/www.riihi.fi\/wp-content\/uploads\/2022\/08\/Lahti-5-1978-B2-400x267.jpg 400w, https:\/\/www.riihi.fi\/wp-content\/uploads\/2022\/08\/Lahti-5-1978-B2-600x400.jpg 600w, https:\/\/www.riihi.fi\/wp-content\/uploads\/2022\/08\/Lahti-5-1978-B2-768x512.jpg 768w, https:\/\/www.riihi.fi\/wp-content\/uploads\/2022\/08\/Lahti-5-1978-B2-800x533.jpg 800w, https:\/\/www.riihi.fi\/wp-content\/uploads\/2022\/08\/Lahti-5-1978-B2-1024x683.jpg 1024w, https:\/\/www.riihi.fi\/wp-content\/uploads\/2022\/08\/Lahti-5-1978-B2-1200x800.jpg 1200w, https:\/\/www.riihi.fi\/wp-content\/uploads\/2022\/08\/Lahti-5-1978-B2.jpg 1500w\" sizes=\"(max-width: 300px) 100vw, 300px\" \/><p id=\"caption-attachment-312\" class=\"wp-caption-text\"><em>Punavankimuistomerkin paljastus Lahdessa 28.5.1978, kuva: Pertti Pitk\u00e4nen<\/em><\/p><\/div>\n<p>Ty\u00f6v\u00e4enmuseo Werstaalla Tampereella 4.6.\u201329.8.2021 n\u00e4hty <em>Punaisia lippuja<\/em> -n\u00e4yttely esitteli 1970-luvun suurten ty\u00f6v\u00e4en joukkotapahtumia valokuvin. N\u00e4yttely siirrettiin sittemmin osaksi Werstas-museon pysyvi\u00e4 kokoelmia.<\/p>\n<p>N\u00e4yttelyn kokosi kuva-arkistoistaan valokuvaaja <strong>Pertti Pitk\u00e4nen<\/strong>, joka on tehnyt ty\u00f6uransa pitk\u00e4lti ty\u00f6v\u00e4enliikkeen ja aikuiskoulutuksen parissa. J\u00e4\u00e4ty\u00e4\u00e4n el\u00e4kkeelle kes\u00e4ll\u00e4 2014 h\u00e4n aloitti \u201dkuvallisen el\u00e4m\u00e4kerran\u201d kirjoittamisen.\u00a0H\u00e4nen arkistoistaan l\u00f6ytyy noin 1 600 negatiivia, joista h\u00e4n kokosi muun muassa 1970-luvun alun innostuksen inspiroiman kokonaisuuden <em>Street Photographs 1975<\/em>\u2013<em>2000<\/em>, josta osia julkaistiin Kamera-lehdess\u00e4 7\/2018.<\/p>\n<p>\u201dSamassa yhteydess\u00e4 k\u00e4vi ilmi, ett\u00e4 huomattava osa katukuva-aineistosta on per\u00e4isin erilaisista ty\u00f6v\u00e4en tapahtumista, vappumielenosoituksista ja lakkokulkueista. Kokonaisuus osoittautui niin selke\u00e4ksi ja yhten\u00e4iseksi, ett\u00e4 j\u00e4tin sen suurimmaksi osaksi erilleen jotain muuta esitystapaa ajatellen\u201d, Pitk\u00e4nen kertoo.<\/p>\n<p>Ty\u00f6v\u00e4enmuseo Werstaalla innostuttiin aiheeseen liittyv\u00e4st\u00e4 n\u00e4yttelyst\u00e4. Museo antoi n\u00e4yttelytilat k\u00e4ytt\u00f6\u00f6n ja vastasi n\u00e4yttelyyn liittyvist\u00e4 k\u00e4yt\u00e4nn\u00f6n j\u00e4rjestelyist\u00e4 \u2013 Pitk\u00e4nen vastasi kuvien valmistuksesta ja kehystyksest\u00e4 sek\u00e4 n\u00e4yttelyn pystytyksest\u00e4. Rahoitusta tarvittiin printtien valmistukseen ja kehystykseen.<\/p>\n<p>N\u00e4yttelyn n\u00e4ki kaikkiaan 12 593 museok\u00e4vij\u00e4\u00e4. Pitk\u00e4nen on my\u00f6s siirt\u00e4nyt luovutussopimuksella useita satoja n\u00e4yttelyn aihepiirin kuvia Ty\u00f6v\u00e4enmuseo Werstaan haltuun digitaalisessa muodossa, sill\u00e4 kaikkea ei n\u00e4hty yhdess\u00e4 n\u00e4yttelyss\u00e4.<\/p>\n<p>\u201dVoisi ajatella, ett\u00e4 valokuvat ty\u00f6v\u00e4en suurista joukkoesiintymisist\u00e4 muistuttavat n\u00e4yttelyn k\u00e4vij\u00f6it\u00e4 ty\u00f6v\u00e4est\u00f6n solidaarisuuden ja yhteisty\u00f6n tarpeellisuudesta my\u00f6s nykyaikana\u201d, Pitk\u00e4nen pohtii.<\/p>\n<p><em>Punaisia lippuja<\/em> -n\u00e4yttelyn j\u00e4lkeen Pitk\u00e4nen on koonnut samaan tapaan 32 vedoksen ja 45 digitaalisesti esitett\u00e4v\u00e4n valokuvan n\u00e4yttelyn varusmiesaikaisista valokuvistaan. N\u00e4yttely avattiin toukokuussa 2022 Ilmatorjuntamuseossa otsikolla <em>Sotilasel\u00e4m\u00e4\u00e4<\/em>. N\u00e4yttely j\u00e4\u00e4 my\u00f6s osaksi museon pysyvi\u00e4 kokoelmia.<\/p>\n<p><em>Riihi s\u00e4\u00e4ti\u00f6 on tukenut n\u00e4yttely\u00e4.<\/em><br \/>\n<u><br \/>\n<\/u><strong>Lue lis\u00e4\u00e4:<\/strong><\/p>\n<p><a href=\"https:\/\/www.tyovaenmuseo.fi\/nayttelyt\/\">Ty\u00f6v\u00e4enmuseo Werstaan n\u00e4yttelysivut<\/a><\/p>\n<p><a href=\"https:\/\/perttipitkanen.wordpress.com\/\">Pertti Pitk\u00e4sen verkkosivut<\/a><\/p>\n","protected":false},"excerpt":{"rendered":"<p>Valokuvaaja Pertti Pitk\u00e4sen arkistoista syntynyt valokuvan\u00e4yttely esittelee 1970-luvun joukkotapahtumia. Ty\u00f6v\u00e4enmuseo Werstaalla Tampereella 4.6.\u201329.8.2021 n\u00e4hty Punaisia lippuja -n\u00e4yttely esitteli 1970-luvun suurten ty\u00f6v\u00e4en joukkotapahtumia valokuvin. N\u00e4yttely siirrettiin sittemmin osaksi Werstas-museon pysyvi\u00e4 kokoelmia. N\u00e4yttelyn kokosi kuva-arkistoistaan valokuvaaja Pertti Pitk\u00e4nen, joka on tehnyt ty\u00f6uransa pitk\u00e4lti ty\u00f6v\u00e4enliikkeen ja aikuiskoulutuksen parissa. J\u00e4\u00e4ty\u00e4\u00e4n el\u00e4kkeelle kes\u00e4ll\u00e4 2014 h\u00e4n aloitti \u201dkuvallisen el\u00e4m\u00e4kerran\u201d kirjoittamisen.\u00a0H\u00e4nen arkistoistaan  [&#8230;]<\/p>\n","protected":false},"author":3,"featured_media":0,"comment_status":"open","ping_status":"open","sticky":false,"template":"","format":"standard","meta":{"footnotes":""},"categories":[1],"tags":[],"class_list":["post-318","post","type-post","status-publish","format-standard","hentry","category-uncategorized"],"_links":{"self":[{"href":"https:\/\/www.riihi.fi\/index.php?rest_route=\/wp\/v2\/posts\/318","targetHints":{"allow":["GET"]}}],"collection":[{"href":"https:\/\/www.riihi.fi\/index.php?rest_route=\/wp\/v2\/posts"}],"about":[{"href":"https:\/\/www.riihi.fi\/index.php?rest_route=\/wp\/v2\/types\/post"}],"author":[{"embeddable":true,"href":"https:\/\/www.riihi.fi\/index.php?rest_route=\/wp\/v2\/users\/3"}],"replies":[{"embeddable":true,"href":"https:\/\/www.riihi.fi\/index.php?rest_route=%2Fwp%2Fv2%2Fcomments&post=318"}],"version-history":[{"count":1,"href":"https:\/\/www.riihi.fi\/index.php?rest_route=\/wp\/v2\/posts\/318\/revisions"}],"predecessor-version":[{"id":320,"href":"https:\/\/www.riihi.fi\/index.php?rest_route=\/wp\/v2\/posts\/318\/revisions\/320"}],"wp:attachment":[{"href":"https:\/\/www.riihi.fi\/index.php?rest_route=%2Fwp%2Fv2%2Fmedia&parent=318"}],"wp:term":[{"taxonomy":"category","embeddable":true,"href":"https:\/\/www.riihi.fi\/index.php?rest_route=%2Fwp%2Fv2%2Fcategories&post=318"},{"taxonomy":"post_tag","embeddable":true,"href":"https:\/\/www.riihi.fi\/index.php?rest_route=%2Fwp%2Fv2%2Ftags&post=318"}],"curies":[{"name":"wp","href":"https:\/\/api.w.org\/{rel}","templated":true}]}}