{"id":383,"date":"2023-11-14T09:11:47","date_gmt":"2023-11-14T09:11:47","guid":{"rendered":"https:\/\/www.riihi.fi\/?p=383"},"modified":"2023-11-14T09:16:42","modified_gmt":"2023-11-14T09:16:42","slug":"avustuksensaajan-ajatuksia-tyovaen-kulttuuritoiminnan-edistaminen","status":"publish","type":"post","link":"https:\/\/www.riihi.fi\/?p=383","title":{"rendered":"Avustuksensaajan ajatuksia: Ty\u00f6v\u00e4en kulttuuritoiminnan edist\u00e4minen"},"content":{"rendered":"\n<figure class=\"wp-block-image size-full\"><a href=\"https:\/\/lauluottaakantaa.fi\/\"><img decoding=\"async\" width=\"745\" height=\"509\" src=\"https:\/\/www.riihi.fi\/wp-content\/uploads\/2023\/11\/Laulu-ottaa-kantaa-\u2013-Laulu-ottaa-kantaa-sivusto-kokoaa-piiriinsa-ihmisia-ja-lauluja-jotka-ovat-vahaosaisten-puolella-seka-ottavat-kantaa-demokratian-tasa-arvon-rauhan-suvaitsevaisuuden-ja-kestavan-k.png\" alt=\"\" class=\"wp-image-386\" srcset=\"https:\/\/www.riihi.fi\/wp-content\/uploads\/2023\/11\/Laulu-ottaa-kantaa-\u2013-Laulu-ottaa-kantaa-sivusto-kokoaa-piiriinsa-ihmisia-ja-lauluja-jotka-ovat-vahaosaisten-puolella-seka-ottavat-kantaa-demokratian-tasa-arvon-rauhan-suvaitsevaisuuden-ja-kestavan-k-200x137.png 200w, https:\/\/www.riihi.fi\/wp-content\/uploads\/2023\/11\/Laulu-ottaa-kantaa-\u2013-Laulu-ottaa-kantaa-sivusto-kokoaa-piiriinsa-ihmisia-ja-lauluja-jotka-ovat-vahaosaisten-puolella-seka-ottavat-kantaa-demokratian-tasa-arvon-rauhan-suvaitsevaisuuden-ja-kestavan-k-300x205.png 300w, https:\/\/www.riihi.fi\/wp-content\/uploads\/2023\/11\/Laulu-ottaa-kantaa-\u2013-Laulu-ottaa-kantaa-sivusto-kokoaa-piiriinsa-ihmisia-ja-lauluja-jotka-ovat-vahaosaisten-puolella-seka-ottavat-kantaa-demokratian-tasa-arvon-rauhan-suvaitsevaisuuden-ja-kestavan-k-400x273.png 400w, https:\/\/www.riihi.fi\/wp-content\/uploads\/2023\/11\/Laulu-ottaa-kantaa-\u2013-Laulu-ottaa-kantaa-sivusto-kokoaa-piiriinsa-ihmisia-ja-lauluja-jotka-ovat-vahaosaisten-puolella-seka-ottavat-kantaa-demokratian-tasa-arvon-rauhan-suvaitsevaisuuden-ja-kestavan-k-600x410.png 600w, https:\/\/www.riihi.fi\/wp-content\/uploads\/2023\/11\/Laulu-ottaa-kantaa-\u2013-Laulu-ottaa-kantaa-sivusto-kokoaa-piiriinsa-ihmisia-ja-lauluja-jotka-ovat-vahaosaisten-puolella-seka-ottavat-kantaa-demokratian-tasa-arvon-rauhan-suvaitsevaisuuden-ja-kestavan-k.png 745w\" sizes=\"(max-width: 745px) 100vw, 745px\" \/><\/a><\/figure>\n\n\n\n<p>Saimme vuonna 2022 Riihi s\u00e4\u00e4ti\u00f6lt\u00e4 tukea 8000e ty\u00f6v\u00e4en kulttuuritoiminnan edist\u00e4miseen verkkoportaalin uudistushanketta varten.<\/p>\n\n\n\n<p>Projekti alkoi kev\u00e4\u00e4ll\u00e4 2022 mahdollisia yhteisty\u00f6kumppaneita kartoittamalla. Tarjoukset sivustouudistukseen kysyttiin kolmelta palvelutarjoajalta ja saatujen tarjousten ja ty\u00f6n\u00e4ytteiden perusteella yhteisty\u00f6kumppaniksi valikoitui sivustouudistuksen teknisen toteutuksen osalta viestint\u00e4toimisto La &amp; La\/Days Agency, joista La &amp; La (<a href=\"http:\/\/www.lala.fi\">www.lala.fi<\/a>) vastasi teknisest\u00e4 toteutuksesta ja Days Agency (<a href=\"http:\/\/www.daysagency.fi\">www.daysagency.fi<\/a>) visuaalisen ilmeen ja graafisen ilmeen toteutuksesta.<\/p>\n\n\n\n<p>L\u00e4ht\u00f6kohtina ja tavoitteina sivustouudistukselle oli p\u00e4ivitt\u00e4\u00e4 ulkoasua vastaamaan nykyp\u00e4iv\u00e4\u00e4 ja saaden siten etenkin uusia ty\u00f6v\u00e4enkulttuurista kiinnostuneita kohderyhmi\u00e4 vierailemaan sivuilla aiempia k\u00e4vij\u00f6it\u00e4 unohtamatta. Kaiken keski\u00f6ss\u00e4 on huolellisesti ja pieteetill\u00e4 sivustolle ker\u00e4tty laaja kattaus tietoa ty\u00f6v\u00e4enliikkeen kulttuurihistoriasta ja siihen liittyvist\u00e4 ajankohtaisista uutisista ja tapahtumista. Sivuston toiminnassa olennaisina kantavina teemoina on perinteen ja historian tallentamisen ohella kantaaottavuus ja ajankohtaisuus ja sivustouudistukselle yksi olennainen l\u00e4ht\u00f6kohta oli my\u00f6s tiedon esiintuominen entist\u00e4 j\u00e4sennellymmin uudelleenkategorioinneilla ja sivuston ulkoasua visuaalisesti edist\u00e4en. Lis\u00e4ksi sivustouudistuksen l\u00e4ht\u00f6kohtana oli toiminnan avaaminen uusille sivustok\u00e4vij\u00f6ille ja monimediallisuuden lis\u00e4\u00e4minen ja uusien ja vanhojen ty\u00f6pajatoimintojen esiin nostaminen yhten\u00e4 merkitt\u00e4v\u00e4n\u00e4 toiminnanmuotona.<\/p>\n\n\n\n<p>Sivustouudistuksen yhteydess\u00e4 haluttiin my\u00f6s tehd\u00e4 sivusto saavutettavaksi, joka huomioitiin uudistuksen suunnitteluvaiheessa saavutettavuuskriteerien mukaisesti k\u00e4ytetyiss\u00e4 v\u00e4rivalinnoissa ja kuvien vaihtoehtoisissa teksteiss\u00e4 jne. Saavutettavuuden osalta ty\u00f6 jatkuu viel\u00e4, mutta t\u00e4m\u00e4 on huomioitu my\u00f6s saavutettavuusrekisteriselosteen tekstiss\u00e4. L\u00e4ht\u00f6kohdat ja suuret linjat saavutettavuudelle ovat olemassa ja loppu on k\u00e4sity\u00f6t\u00e4, jota jatketaan edelleen. &nbsp;&nbsp;<\/p>\n\n\n\n<p>Resurssisyist\u00e4 muokkasimme uudistusta siten, ett\u00e4 varsinaisen oman suurempaa ty\u00f6t\u00e4 vaatineen mediasivun sijaan uudistetun sivuston etusivulle nostetaan olennaiset ja uusimmat media- ja sosiaalisen median julkaisut ja mm. suoratoistosoitin. Ajatuksena on tuoda esiin monipuolisesti toimintaamme etusivulla ja sielt\u00e4 ohjata k\u00e4vij\u00e4t edelleen sivuston eri sivuille lukemaan lis\u00e4\u00e4 ja sivustomme kautta Laulu ottaa kantaa -yhteis\u00f6n sosiaalisen median sivuille (Facebook, Instagram, Youtube).<\/p>\n\n\n\n<p>Sivustouudistuksen kautta pystymme my\u00f6s tukemaan jatkossa j\u00e4senj\u00e4rjest\u00f6j\u00e4mme entist\u00e4 paremmin toimimalla ja tiedottamalla aktiivisesti ty\u00f6v\u00e4enkulttuuriin ajankohtaisista asioista, ilmi\u00f6ist\u00e4 ja historiasta. Laajempana viitekehyksen\u00e4 sivuston toiminnassa on yhteenkuuluvuuden tunteen lis\u00e4\u00e4minen osana syrj\u00e4ytymisen ehk\u00e4isemist\u00e4, jonka eteen verkosto on ty\u00f6skennellyt useita vuosia erilaisten ty\u00f6pajojen, konserttien, kiertueiden, toimitettujen haastattelujen ja kantaaottavien artikkeleiden ja blogien muodossa, unohtamatta ty\u00f6v\u00e4enliikkeen historiallista, arkistoinnillista ja tutkimuksellista tulokulmaa. Riihi s\u00e4\u00e4ti\u00f6n taloudellinen tuki t\u00e4m\u00e4n toiminnan mahdollistamiseksi on ollut ratkaisevaa.<\/p>\n\n\n\n<p>Sivusto jatkaa sis\u00e4ll\u00f6ntuottamista,ja uudistuksen my\u00f6t\u00e4 sen yll\u00e4pito ja sis\u00e4ll\u00f6ntuottajat pystyv\u00e4t asetettujen tavoitteiden mukaisesti nykyist\u00e4 helpommin yll\u00e4pit\u00e4m\u00e4\u00e4n ja p\u00e4ivitt\u00e4m\u00e4\u00e4n sivustoa itsen\u00e4isesti ja siten mahdollistaa sivuston kustannustehokkaamman toiminnan edelliseen verrattuna.<\/p>\n\n\n\n<p>Teksti: Jaakko Suni, Ty\u00f6v\u00e4en Sivistysliitto TSL<\/p>\n\n\n\n<p><\/p>\n","protected":false},"excerpt":{"rendered":"<p>Saimme vuonna 2022 Riihi s\u00e4\u00e4ti\u00f6lt\u00e4 tukea 8000e ty\u00f6v\u00e4en kulttuuritoiminnan edist\u00e4miseen verkkoportaalin uudistushanketta varten. Projekti alkoi kev\u00e4\u00e4ll\u00e4 2022 mahdollisia yhteisty\u00f6kumppaneita kartoittamalla. Tarjoukset sivustouudistukseen kysyttiin kolmelta palvelutarjoajalta ja saatujen tarjousten ja ty\u00f6n\u00e4ytteiden perusteella yhteisty\u00f6kumppaniksi valikoitui sivustouudistuksen teknisen toteutuksen osalta viestint\u00e4toimisto La &amp; La\/Days Agency, joista La &amp; La (www.lala.fi) vastasi teknisest\u00e4 toteutuksesta ja Days Agency (www.daysagency.fi) visuaalisen  [&#8230;]<\/p>\n","protected":false},"author":2,"featured_media":0,"comment_status":"open","ping_status":"open","sticky":false,"template":"","format":"standard","meta":{"footnotes":""},"categories":[1],"tags":[],"class_list":["post-383","post","type-post","status-publish","format-standard","hentry","category-uncategorized"],"_links":{"self":[{"href":"https:\/\/www.riihi.fi\/index.php?rest_route=\/wp\/v2\/posts\/383","targetHints":{"allow":["GET"]}}],"collection":[{"href":"https:\/\/www.riihi.fi\/index.php?rest_route=\/wp\/v2\/posts"}],"about":[{"href":"https:\/\/www.riihi.fi\/index.php?rest_route=\/wp\/v2\/types\/post"}],"author":[{"embeddable":true,"href":"https:\/\/www.riihi.fi\/index.php?rest_route=\/wp\/v2\/users\/2"}],"replies":[{"embeddable":true,"href":"https:\/\/www.riihi.fi\/index.php?rest_route=%2Fwp%2Fv2%2Fcomments&post=383"}],"version-history":[{"count":4,"href":"https:\/\/www.riihi.fi\/index.php?rest_route=\/wp\/v2\/posts\/383\/revisions"}],"predecessor-version":[{"id":390,"href":"https:\/\/www.riihi.fi\/index.php?rest_route=\/wp\/v2\/posts\/383\/revisions\/390"}],"wp:attachment":[{"href":"https:\/\/www.riihi.fi\/index.php?rest_route=%2Fwp%2Fv2%2Fmedia&parent=383"}],"wp:term":[{"taxonomy":"category","embeddable":true,"href":"https:\/\/www.riihi.fi\/index.php?rest_route=%2Fwp%2Fv2%2Fcategories&post=383"},{"taxonomy":"post_tag","embeddable":true,"href":"https:\/\/www.riihi.fi\/index.php?rest_route=%2Fwp%2Fv2%2Ftags&post=383"}],"curies":[{"name":"wp","href":"https:\/\/api.w.org\/{rel}","templated":true}]}}