{"id":405,"date":"2024-02-16T09:12:14","date_gmt":"2024-02-16T09:12:14","guid":{"rendered":"https:\/\/www.riihi.fi\/?p=405"},"modified":"2024-02-16T09:12:49","modified_gmt":"2024-02-16T09:12:49","slug":"avustuksensaajan-ajatuksia-tyovaen-akatemia-100-vuotta-historiikki-ja-juhlajulkaisu","status":"publish","type":"post","link":"https:\/\/www.riihi.fi\/?p=405","title":{"rendered":"Avustuksensaajan ajatuksia: Ty\u00f6v\u00e4en Akatemia 100-vuotta \u2013 historiikki ja juhlajulkaisu"},"content":{"rendered":"\n<p>Ty\u00f6v\u00e4en Akatemia on suomalaisen ty\u00f6v\u00e4enliikkeen historian merkitt\u00e4vin oppilaitos, joka t\u00e4ytt\u00e4\u00e4 t\u00e4n\u00e4 vuonna 100 vuotta. Sen kunniaksi on tekeill\u00e4 historiikki ja juhlajulkaisu, joka kertoo Akatemian vaiheista ja vaikutuksesta yhteiskuntaan.<\/p>\n\n\n\n<h2 class=\"wp-block-heading\">Hankkeen tausta ja tavoite<\/h2>\n\n\n\n<p>Ty\u00f6v\u00e4en Akatemian historia on keskeinen osa ty\u00f6v\u00e4enliikkeen historiaa. Akatemia on kasvattanut lukuisan m\u00e4\u00e4r\u00e4n ministereit\u00e4, kansanedustajia, paikallisia luottamushenkil\u00f6it\u00e4 ja muita ty\u00f6v\u00e4enliikkeen keskeisi\u00e4 toimijoita 100-vuotisen historiansa varrella. Akatemia on my\u00f6s yksi suurimmista vapaan sivistysty\u00f6n rahoitusta saavista kansanopistoista, joka tarjoaa yleissivist\u00e4v\u00e4\u00e4 ja korkeakouluopetusta.<\/p>\n\n\n\n<p>Tutkimuksessa peilataan Akatemian toimintaa poliittisesti, taloudellisesti ja koulutuksellisesti jatkuvasti muuttuvissa oloissa. Selvit\u00e4kseen ja kukoistaakseen oppilaitoksen on aina ollut kyett\u00e4v\u00e4 muuttumaan ja vastaamaan ajan vaatimuksiin. Tutkimuksessa ja historiikissa selvitet\u00e4\u00e4n, miten t\u00e4m\u00e4 on Ty\u00f6v\u00e4en Akatemian kohdalla tapahtunut.<\/p>\n\n\n\n<p>Historiikin ja juhlajulkaisun tutkijana ja kirjoittajana toimii Tuomas Hoppu (FT). Tuomas on meritoitunut historiantutkija ja kirjailija. H\u00e4n on tehnyt laajasti tutkimuksia Suomen historiasta sek\u00e4 kirjoittanut ja toimittanut lukuisan m\u00e4\u00e4r\u00e4n historiateoksia, erityisesti sis\u00e4llissodan vaiheista.<\/p>\n\n\n\n<figure class=\"wp-block-image size-large\"><img decoding=\"async\" width=\"1024\" height=\"683\" src=\"https:\/\/www.riihi.fi\/wp-content\/uploads\/2024\/02\/Kirjasto_TA-1024x683.jpg\" alt=\"\" class=\"wp-image-406\" srcset=\"https:\/\/www.riihi.fi\/wp-content\/uploads\/2024\/02\/Kirjasto_TA-200x133.jpg 200w, https:\/\/www.riihi.fi\/wp-content\/uploads\/2024\/02\/Kirjasto_TA-300x200.jpg 300w, https:\/\/www.riihi.fi\/wp-content\/uploads\/2024\/02\/Kirjasto_TA-400x267.jpg 400w, https:\/\/www.riihi.fi\/wp-content\/uploads\/2024\/02\/Kirjasto_TA-600x400.jpg 600w, https:\/\/www.riihi.fi\/wp-content\/uploads\/2024\/02\/Kirjasto_TA-768x512.jpg 768w, https:\/\/www.riihi.fi\/wp-content\/uploads\/2024\/02\/Kirjasto_TA-800x533.jpg 800w, https:\/\/www.riihi.fi\/wp-content\/uploads\/2024\/02\/Kirjasto_TA-1024x683.jpg 1024w, https:\/\/www.riihi.fi\/wp-content\/uploads\/2024\/02\/Kirjasto_TA-1200x800.jpg 1200w, https:\/\/www.riihi.fi\/wp-content\/uploads\/2024\/02\/Kirjasto_TA-1536x1024.jpg 1536w\" sizes=\"(max-width: 1024px) 100vw, 1024px\" \/><\/figure>\n\n\n\n<h2 class=\"wp-block-heading\">Hankkeen nykytilanne ja tulokset<\/h2>\n\n\n\n<p>Tuomas Hoppu on aloittanut kirjoitusty\u00f6ns\u00e4 vuoden 2023 alussa. Kirjoitusty\u00f6 etenee rivakkaan tahtiin ja teos valmistuu 2024 kev\u00e4\u00e4ll\u00e4. Tuomaksen tukena kirjoitusprosessissa on toimikunta, jossa mukana ovat rehtori Airi Palosaari, apulaisrehtori Ari Niemi, Ty\u00f6v\u00e4en Akatemian hallituksen varapuheenjohtaja Tapio Kosunen ja Ty\u00f6v\u00e4en Akatemian pitk\u00e4aikainen opettaja ja jo el\u00e4kkeelle siirtynyt P\u00e4iv\u00f6 Puhakainen.<\/p>\n\n\n\n<p>Hankkeen tuloksena syntyy kattava ja kriittinen historiikki, joka valottaa Ty\u00f6v\u00e4en Akatemian roolia ja merkityst\u00e4 suomalaisessa yhteiskunnassa. Teos sis\u00e4lt\u00e4\u00e4 my\u00f6s runsaasti kuvia, haastatteluja ja henkil\u00f6tarinoita, jotka el\u00e4v\u00f6itt\u00e4v\u00e4t Akatemian historiaa. Teos on tarkoitettu sek\u00e4 Akatemian opiskelijoille, henkil\u00f6kunnalle ja yst\u00e4ville ett\u00e4 kaikille ty\u00f6v\u00e4enliikkeen ja Suomen historian kiinnostuneille.<\/p>\n\n\n\n<h2 class=\"wp-block-heading\">Hankkeen seuraavat vaiheet ja tulevaisuus<\/h2>\n\n\n\n<p>Tutkimus- ja kirjoitusty\u00f6t\u00e4 on viel\u00e4 muutama kuukausi j\u00e4ljell\u00e4. Sen j\u00e4lkeen kirja toimitetaan viel\u00e4 painokelpoiseksi. Teos valmistuu mukavasti 100-vuotisjuhlavuonna. Juhlavuoden aikana on tarkoitus j\u00e4rjest\u00e4\u00e4 erilaisia tapahtumia ja tilaisuuksia, joissa esitell\u00e4\u00e4n ja juhlistetaan Ty\u00f6v\u00e4en Akatemian historiaa ja nykyp\u00e4iv\u00e4\u00e4.&nbsp;<a href=\"https:\/\/www.akatemia.org\/\">Teos on my\u00f6s tilattavissa Ty\u00f6v\u00e4en Akatemian verkkosivuilta<\/a><a href=\"https:\/\/www.akatemia.org\/\" target=\"_blank\" rel=\"noreferrer noopener\"><sup>1<\/sup><\/a>.<\/p>\n\n\n\n<p>Ty\u00f6v\u00e4en Akatemia 100-vuotta \u2013 historiikki ja juhlajulkaisu on ainutlaatuinen hanke, joka kunnioittaa Akatemian pitk\u00e4\u00e4 ja arvokasta perint\u00f6\u00e4. Se on my\u00f6s kannustus ja inspiraatio Akatemian tulevaisuudelle, joka jatkaa ty\u00f6v\u00e4enliikkeen sivistys- ja vaikuttamisty\u00f6t\u00e4. Riihi s\u00e4\u00e4ti\u00f6 avustaa historiikkihanketta my\u00f6nt\u00e4m\u00e4ll\u00e4\u00e4n avustuksella. <\/p>\n\n\n\n\n\n\n\n<figure class=\"wp-block-gallery has-nested-images columns-default is-cropped wp-block-gallery-1 is-layout-flex wp-block-gallery-is-layout-flex\"><\/figure>\n","protected":false},"excerpt":{"rendered":"<p>Ty\u00f6v\u00e4en Akatemia on suomalaisen ty\u00f6v\u00e4enliikkeen historian merkitt\u00e4vin oppilaitos, joka t\u00e4ytt\u00e4\u00e4 t\u00e4n\u00e4 vuonna 100 vuotta. Sen kunniaksi on tekeill\u00e4 historiikki ja juhlajulkaisu, joka kertoo Akatemian vaiheista ja vaikutuksesta yhteiskuntaan. Hankkeen tausta ja tavoite Ty\u00f6v\u00e4en Akatemian historia on keskeinen osa ty\u00f6v\u00e4enliikkeen historiaa. Akatemia on kasvattanut lukuisan m\u00e4\u00e4r\u00e4n ministereit\u00e4, kansanedustajia, paikallisia luottamushenkil\u00f6it\u00e4 ja muita ty\u00f6v\u00e4enliikkeen keskeisi\u00e4 toimijoita 100-vuotisen  [&#8230;]<\/p>\n","protected":false},"author":2,"featured_media":0,"comment_status":"open","ping_status":"open","sticky":false,"template":"","format":"standard","meta":{"footnotes":""},"categories":[1],"tags":[],"class_list":["post-405","post","type-post","status-publish","format-standard","hentry","category-uncategorized"],"_links":{"self":[{"href":"https:\/\/www.riihi.fi\/index.php?rest_route=\/wp\/v2\/posts\/405","targetHints":{"allow":["GET"]}}],"collection":[{"href":"https:\/\/www.riihi.fi\/index.php?rest_route=\/wp\/v2\/posts"}],"about":[{"href":"https:\/\/www.riihi.fi\/index.php?rest_route=\/wp\/v2\/types\/post"}],"author":[{"embeddable":true,"href":"https:\/\/www.riihi.fi\/index.php?rest_route=\/wp\/v2\/users\/2"}],"replies":[{"embeddable":true,"href":"https:\/\/www.riihi.fi\/index.php?rest_route=%2Fwp%2Fv2%2Fcomments&post=405"}],"version-history":[{"count":1,"href":"https:\/\/www.riihi.fi\/index.php?rest_route=\/wp\/v2\/posts\/405\/revisions"}],"predecessor-version":[{"id":407,"href":"https:\/\/www.riihi.fi\/index.php?rest_route=\/wp\/v2\/posts\/405\/revisions\/407"}],"wp:attachment":[{"href":"https:\/\/www.riihi.fi\/index.php?rest_route=%2Fwp%2Fv2%2Fmedia&parent=405"}],"wp:term":[{"taxonomy":"category","embeddable":true,"href":"https:\/\/www.riihi.fi\/index.php?rest_route=%2Fwp%2Fv2%2Fcategories&post=405"},{"taxonomy":"post_tag","embeddable":true,"href":"https:\/\/www.riihi.fi\/index.php?rest_route=%2Fwp%2Fv2%2Ftags&post=405"}],"curies":[{"name":"wp","href":"https:\/\/api.w.org\/{rel}","templated":true}]}}