{"id":430,"date":"2024-05-03T08:27:00","date_gmt":"2024-05-03T08:27:00","guid":{"rendered":"https:\/\/www.riihi.fi\/?p=430"},"modified":"2024-07-03T08:30:23","modified_gmt":"2024-07-03T08:30:23","slug":"kill-city-kirjaksi","status":"publish","type":"post","link":"https:\/\/www.riihi.fi\/?p=430","title":{"rendered":"Kill City kirjaksi"},"content":{"rendered":"\n<blockquote class=\"wp-block-quote is-layout-flow wp-block-quote-is-layout-flow\">\n<p>\u201dTerve!<\/p>\n\n\n\n<p>Kun Facebookissa etsittiin <a href=\"https:\/\/www.punkmuseo.fi\/\" data-type=\"link\" data-id=\"https:\/\/www.punkmuseo.fi\/\">Punkmuseoon<\/a> ty\u00f6ntekij\u00f6it\u00e4, olin v\u00e4litt\u00f6m\u00e4sti lapa pystyss\u00e4 Min\u00e4! Mulle! T\u00e4ss\u00e4 sit\u00e4 nyt sitten ollaan aloittamassa arkistopunkkarin hommia.<\/p>\n\n\n\n<p>Ik\u00e4ni puolesta olen mukana arkistoimassa omia muistojani, sit\u00e4 60-luvun alkupuolella syntyneiden punk-historiaa. Mun taustalta l\u00f6ytyy sit\u00e4 perinteist\u00e4 punk-kaanonia eli pienlehti\u00e4, talon valtausta, El\u00e4v\u00e4n musiikin yhdistyksess\u00e4 toimimista, juossut diinej\u00e4 karkuun Kaivopuistossa jne. Puutteiksi laskettakoot, ett\u00e4 en ollut valtaamassa Lepakkoa enk\u00e4 -t\u00e4m\u00e4 on paha- Ruisrockissa vuonna 1979 Clashin keikalla.<\/p>\n\n\n\n<p>Punkin kautta siirryin sulavasti tekem\u00e4\u00e4n muiden punkkien kanssa ihan oikeita lehti\u00e4, kuten Bambia ja Rumbaa. Rumbaan kirjoitin vaihtelevaan tahtiin vuodesta 1983 vuoteen 1999, joista pari viimeist\u00e4 vuotta toimin lehden p\u00e4\u00e4toimittajana. Jotkut saattavat muistaa nimeni my\u00f6s Suosikista \ud83d\ude0a Freelancerin hommissa tuli kirjoitettua v\u00e4h\u00e4n sinne sun t\u00e4nne ja tehty\u00e4 jotain radioonkin kunnes p\u00e4\u00e4dyin tekem\u00e4\u00e4n hidasta kuolemaa konttorirottana ihan toiselle alalle.<\/p>\n\n\n\n<p>En allekirjoita Andy McCoyn mietelm\u00e4\u00e4 punk is dead, but we\u2019re still dying. Muistakaa teinit, asenteella pit\u00e4\u00e4 menn\u00e4 p\u00e4\u00e4tyyn asti.\u201d<\/p>\n<\/blockquote>\n\n\n\n<p>Ti\u00e4ttekste, harvoin sit\u00e4 p\u00e4\u00e4see tekem\u00e4\u00e4n t\u00f6it\u00e4 legendojen kanssa, sellaisten elossa olevien. Kuten Virve Valli, joka liittyi nyt Punkmuseon iloiseen muttei p\u00f6lyiseen arkistopunkkarien kaartiin. Arkistopunkkarien teht\u00e4vien ohella Virve toimii my\u00f6s toimittajapunkkarina, ryhtyen ty\u00f6st\u00e4m\u00e4\u00e4n Kill Cityn aikalaisten tarinoita kohden painettua kirjaa. T\u00e4h\u00e4n ty\u00f6h\u00f6n saimme tukea&nbsp;<a href=\"https:\/\/www.riihi.fi\/\">Riihi-s\u00e4\u00e4ti\u00f6lt\u00e4<\/a>, kiitos hurjasti siit\u00e4.<\/p>\n\n\n\n<p>Tervetuloa mukaan, Virve!<\/p>\n\n\n\n<figure class=\"wp-block-image size-full is-resized\"><img decoding=\"async\" width=\"499\" height=\"333\" src=\"https:\/\/www.riihi.fi\/wp-content\/uploads\/2024\/07\/Lehtimyyja-Virve.jpg\" alt=\"\" class=\"wp-image-433\" style=\"width:840px;height:auto\" srcset=\"https:\/\/www.riihi.fi\/wp-content\/uploads\/2024\/07\/Lehtimyyja-Virve-200x133.jpg 200w, https:\/\/www.riihi.fi\/wp-content\/uploads\/2024\/07\/Lehtimyyja-Virve-300x200.jpg 300w, https:\/\/www.riihi.fi\/wp-content\/uploads\/2024\/07\/Lehtimyyja-Virve-400x267.jpg 400w, https:\/\/www.riihi.fi\/wp-content\/uploads\/2024\/07\/Lehtimyyja-Virve.jpg 499w\" sizes=\"(max-width: 499px) 100vw, 499px\" \/><figcaption class=\"wp-element-caption\">Kuvassa Virve pienlehtimyyj\u00e4n\u00e4 vuonna 1980. Takissa on tarra, jossa lukee \u201dT\u00e4m\u00e4 mies myy L\u00e4ikk\u00e4\u00e4\u201d.\u00a0<\/figcaption><\/figure>\n","protected":false},"excerpt":{"rendered":"<p>\u201dTerve! Kun Facebookissa etsittiin Punkmuseoon ty\u00f6ntekij\u00f6it\u00e4, olin v\u00e4litt\u00f6m\u00e4sti lapa pystyss\u00e4 Min\u00e4! Mulle! T\u00e4ss\u00e4 sit\u00e4 nyt sitten ollaan aloittamassa arkistopunkkarin hommia. Ik\u00e4ni puolesta olen mukana arkistoimassa omia muistojani, sit\u00e4 60-luvun alkupuolella syntyneiden punk-historiaa. Mun taustalta l\u00f6ytyy sit\u00e4 perinteist\u00e4 punk-kaanonia eli pienlehti\u00e4, talon valtausta, El\u00e4v\u00e4n musiikin yhdistyksess\u00e4 toimimista, juossut diinej\u00e4 karkuun Kaivopuistossa jne. Puutteiksi laskettakoot, ett\u00e4 en  [&#8230;]<\/p>\n","protected":false},"author":2,"featured_media":0,"comment_status":"open","ping_status":"open","sticky":false,"template":"","format":"standard","meta":{"footnotes":""},"categories":[1],"tags":[],"class_list":["post-430","post","type-post","status-publish","format-standard","hentry","category-uncategorized"],"_links":{"self":[{"href":"https:\/\/www.riihi.fi\/index.php?rest_route=\/wp\/v2\/posts\/430","targetHints":{"allow":["GET"]}}],"collection":[{"href":"https:\/\/www.riihi.fi\/index.php?rest_route=\/wp\/v2\/posts"}],"about":[{"href":"https:\/\/www.riihi.fi\/index.php?rest_route=\/wp\/v2\/types\/post"}],"author":[{"embeddable":true,"href":"https:\/\/www.riihi.fi\/index.php?rest_route=\/wp\/v2\/users\/2"}],"replies":[{"embeddable":true,"href":"https:\/\/www.riihi.fi\/index.php?rest_route=%2Fwp%2Fv2%2Fcomments&post=430"}],"version-history":[{"count":3,"href":"https:\/\/www.riihi.fi\/index.php?rest_route=\/wp\/v2\/posts\/430\/revisions"}],"predecessor-version":[{"id":435,"href":"https:\/\/www.riihi.fi\/index.php?rest_route=\/wp\/v2\/posts\/430\/revisions\/435"}],"wp:attachment":[{"href":"https:\/\/www.riihi.fi\/index.php?rest_route=%2Fwp%2Fv2%2Fmedia&parent=430"}],"wp:term":[{"taxonomy":"category","embeddable":true,"href":"https:\/\/www.riihi.fi\/index.php?rest_route=%2Fwp%2Fv2%2Fcategories&post=430"},{"taxonomy":"post_tag","embeddable":true,"href":"https:\/\/www.riihi.fi\/index.php?rest_route=%2Fwp%2Fv2%2Ftags&post=430"}],"curies":[{"name":"wp","href":"https:\/\/api.w.org\/{rel}","templated":true}]}}