{"id":526,"date":"2025-12-12T10:59:00","date_gmt":"2025-12-12T10:59:00","guid":{"rendered":"https:\/\/www.riihi.fi\/?p=526"},"modified":"2026-01-12T11:12:01","modified_gmt":"2026-01-12T11:12:01","slug":"ennatysyleiso-suomussalmella-riihi-saation-tukema-pakko-sanoa-festivaali-toi-huipputaiteen-kainuuseen","status":"publish","type":"post","link":"https:\/\/www.riihi.fi\/?p=526","title":{"rendered":"Enn\u00e4tysyleis\u00f6 Suomussalmella \u2013 Riihi s\u00e4\u00e4ti\u00f6n tukema Pakko sanoa! -festivaali toi huipputaiteen Kainuuseen"},"content":{"rendered":"\n<p><strong>Syksyll\u00e4 2025 j\u00e4rjestetty Pakko sanoa! -taidefestivaali ylitti odotukset ker\u00e4\u00e4m\u00e4ll\u00e4 katsomoihin noin 1300 taiteen yst\u00e4v\u00e4\u00e4. Riihi s\u00e4\u00e4ti\u00f6 oli mukana tukemassa tapahtumaa, joka yhdisti paikallisen yhteis\u00f6llisyyden ja valtakunnan eturivin taiteilijat.<\/strong><\/p>\n\n\n\n<figure class=\"wp-block-image size-large\"><img decoding=\"async\" width=\"1024\" height=\"538\" src=\"https:\/\/www.riihi.fi\/wp-content\/uploads\/2026\/01\/Facevaaka_kaikki2-scaled-1-1024x538.jpg\" alt=\"\" class=\"wp-image-528\" srcset=\"https:\/\/www.riihi.fi\/wp-content\/uploads\/2026\/01\/Facevaaka_kaikki2-scaled-1-200x105.jpg 200w, https:\/\/www.riihi.fi\/wp-content\/uploads\/2026\/01\/Facevaaka_kaikki2-scaled-1-300x158.jpg 300w, https:\/\/www.riihi.fi\/wp-content\/uploads\/2026\/01\/Facevaaka_kaikki2-scaled-1-400x210.jpg 400w, https:\/\/www.riihi.fi\/wp-content\/uploads\/2026\/01\/Facevaaka_kaikki2-scaled-1-600x315.jpg 600w, https:\/\/www.riihi.fi\/wp-content\/uploads\/2026\/01\/Facevaaka_kaikki2-scaled-1-768x403.jpg 768w, https:\/\/www.riihi.fi\/wp-content\/uploads\/2026\/01\/Facevaaka_kaikki2-scaled-1-800x420.jpg 800w, https:\/\/www.riihi.fi\/wp-content\/uploads\/2026\/01\/Facevaaka_kaikki2-scaled-1-1024x538.jpg 1024w, https:\/\/www.riihi.fi\/wp-content\/uploads\/2026\/01\/Facevaaka_kaikki2-scaled-1-1200x630.jpg 1200w, https:\/\/www.riihi.fi\/wp-content\/uploads\/2026\/01\/Facevaaka_kaikki2-scaled-1-1536x806.jpg 1536w\" sizes=\"(max-width: 1024px) 100vw, 1024px\" \/><\/figure>\n\n\n\n<p>Suomussalmella j\u00e4rjestett\u00e4v\u00e4 <em>Pakko sanoa!<\/em> on vakiinnuttanut paikkansa yhten\u00e4 Kainuun kiinnostavimmista kulttuuritapahtumista. Seitsem\u00e4tt\u00e4 kertaa j\u00e4rjestetyn festivaalin teemana oli vuonna 2025 &#8221;Pohjoinen&#8221;, jota k\u00e4siteltiin niin mielenmaisemana kuin fyysisen\u00e4 paikkana historian, nykyp\u00e4iv\u00e4n ja ekologian kautta.<\/p>\n\n\n\n<p>S\u00e4\u00e4ti\u00f6lle on t\u00e4rke\u00e4\u00e4 tukea hankkeita, joissa korkeatasoinen kulttuuri on saavutettavissa asuinpaikasta riippumatta. Ty\u00f6v\u00e4en N\u00e4ytt\u00e4m\u00f6iden liiton (TNL) tuottama festivaali osoitti j\u00e4lleen, ett\u00e4 vaativa ja laadukas taide el\u00e4\u00e4 vahvasti my\u00f6s kasvukeskusten ulkopuolella.<\/p>\n\n\n\n<h3 class=\"wp-block-heading\">Kohtaamisia n\u00e4ytt\u00e4m\u00f6ll\u00e4 ja luonnossa<\/h3>\n\n\n\n<p>Festivaalin erityispiirre on sen tapa tuoda yhteen eri taustaiset tekij\u00e4t. T\u00e4n\u00e4 vuonna Suomussalmella n\u00e4htiin ainutlaatuinen yhteisty\u00f6, kun Taideyliopiston Teatterikorkeakoulun opiskelijat kohtasivat n\u00e4ytt\u00e4m\u00f6ll\u00e4 paikallisen Teatteri Retikan n\u00e4yttelij\u00e4t.<\/p>\n\n\n\n<p>Ohjelmistossa n\u00e4htiin my\u00f6s suuria nimi\u00e4. Festivaalin esiintyj\u00e4kaartiin kuuluivat muun muassa n\u00e4yttelij\u00e4t <strong>Hannu-Pekka Bj\u00f6rkman<\/strong>, <strong>Jarkko Lahti<\/strong> ja <strong>Ella Mett\u00e4nen<\/strong> sek\u00e4 trumpetisti <strong>Verneri Pohjola<\/strong>. Esityspaikat vaihtelivat perinteisist\u00e4 teatteritiloista luontokohteisiin, kuten Hiljaisen kansan ymp\u00e4rist\u00f6taideteoksen \u00e4\u00e4relle.<\/p>\n\n\n\n<h3 class=\"wp-block-heading\">S\u00e4\u00e4ti\u00f6n tuki mahdollistamassa kulttuuritekoja<\/h3>\n\n\n\n<p>Riihi s\u00e4\u00e4ti\u00f6 my\u00f6nsi hankkeelle tukea, joka kohdistui festivaalin tuotantokustannuksiin. Loppuselvityksen mukaan tuki oli olennainen osa rahoituskokonaisuutta, joka mahdollisti monipuolisen ohjelmiston ja kohtuuhintaiset liput.<\/p>\n\n\n\n<p>\u201dTapahtuma oli menestys niin yleis\u00f6m\u00e4\u00e4r\u00e4n, taiteellisen sis\u00e4ll\u00f6n kuin alueellisen vaikuttavuuden n\u00e4k\u00f6kulmista\u201d, toteaa tuottaja <strong>P\u00e4ivi H\u00e4m\u00e4l\u00e4inen<\/strong> loppuraportissa.<\/p>\n\n\n\n<p>Festivaali sai laajaa n\u00e4kyvyytt\u00e4 mediassa ja sosiaalisessa mediassa, mik\u00e4 vahvistaa tapahtuman merkityst\u00e4 osana suomalaista esitt\u00e4v\u00e4n taiteen kentt\u00e4\u00e4. Riihi s\u00e4\u00e4ti\u00f6 kiitt\u00e4\u00e4 ty\u00f6ryhm\u00e4\u00e4 upeasta kulttuuriteosta!<\/p>\n","protected":false},"excerpt":{"rendered":"<p>Syksyll\u00e4 2025 j\u00e4rjestetty Pakko sanoa! -taidefestivaali ylitti odotukset ker\u00e4\u00e4m\u00e4ll\u00e4 katsomoihin noin 1300 taiteen yst\u00e4v\u00e4\u00e4. Riihi s\u00e4\u00e4ti\u00f6 oli mukana tukemassa tapahtumaa, joka yhdisti paikallisen yhteis\u00f6llisyyden ja valtakunnan eturivin taiteilijat. Suomussalmella j\u00e4rjestett\u00e4v\u00e4 Pakko sanoa! on vakiinnuttanut paikkansa yhten\u00e4 Kainuun kiinnostavimmista kulttuuritapahtumista. Seitsem\u00e4tt\u00e4 kertaa j\u00e4rjestetyn festivaalin teemana oli vuonna 2025 &#8221;Pohjoinen&#8221;, jota k\u00e4siteltiin niin mielenmaisemana kuin fyysisen\u00e4 paikkana  [&#8230;]<\/p>\n","protected":false},"author":2,"featured_media":0,"comment_status":"open","ping_status":"open","sticky":false,"template":"","format":"standard","meta":{"footnotes":""},"categories":[1],"tags":[],"class_list":["post-526","post","type-post","status-publish","format-standard","hentry","category-uncategorized"],"_links":{"self":[{"href":"https:\/\/www.riihi.fi\/index.php?rest_route=\/wp\/v2\/posts\/526","targetHints":{"allow":["GET"]}}],"collection":[{"href":"https:\/\/www.riihi.fi\/index.php?rest_route=\/wp\/v2\/posts"}],"about":[{"href":"https:\/\/www.riihi.fi\/index.php?rest_route=\/wp\/v2\/types\/post"}],"author":[{"embeddable":true,"href":"https:\/\/www.riihi.fi\/index.php?rest_route=\/wp\/v2\/users\/2"}],"replies":[{"embeddable":true,"href":"https:\/\/www.riihi.fi\/index.php?rest_route=%2Fwp%2Fv2%2Fcomments&post=526"}],"version-history":[{"count":1,"href":"https:\/\/www.riihi.fi\/index.php?rest_route=\/wp\/v2\/posts\/526\/revisions"}],"predecessor-version":[{"id":529,"href":"https:\/\/www.riihi.fi\/index.php?rest_route=\/wp\/v2\/posts\/526\/revisions\/529"}],"wp:attachment":[{"href":"https:\/\/www.riihi.fi\/index.php?rest_route=%2Fwp%2Fv2%2Fmedia&parent=526"}],"wp:term":[{"taxonomy":"category","embeddable":true,"href":"https:\/\/www.riihi.fi\/index.php?rest_route=%2Fwp%2Fv2%2Fcategories&post=526"},{"taxonomy":"post_tag","embeddable":true,"href":"https:\/\/www.riihi.fi\/index.php?rest_route=%2Fwp%2Fv2%2Ftags&post=526"}],"curies":[{"name":"wp","href":"https:\/\/api.w.org\/{rel}","templated":true}]}}